{"id":12809,"date":"2025-01-26T16:24:44","date_gmt":"2025-01-26T15:24:44","guid":{"rendered":"https:\/\/entretormentas.com\/?p=12809"},"modified":"2025-01-26T16:24:45","modified_gmt":"2025-01-26T15:24:45","slug":"extraoficial-detienen-al-alcalde-del-municipio-colon-nervins-sarcos","status":"publish","type":"post","link":"https:\/\/entretormentas.com\/extraoficial-detienen-al-alcalde-del-municipio-colon-nervins-sarcos\/","title":{"rendered":"\u00a1EXTRAOFICIAL! Detienen al alcalde del municipio Col\u00f3n, Nervins Sarcos"},"content":{"rendered":"\n<p><strong>ENTRE TORMENTAS. <\/strong>Sin conocerse mayores detalles trascendi\u00f3 que en la noche de este viernes 23 de enero, Nervins Sarcos, alcalde del municipio Col\u00f3n del estado Zulia, habr\u00eda sido detenido por las autoridades.<\/p>\n\n\n\n<p>La noticia gener\u00f3 gran conmoci\u00f3n en la regi\u00f3n, ya que Sarcos es una figura conocida en la pol\u00edtica local y que forma parte del partido Un NuevoTiempo (UNT).<\/p>\n\n\n\n<p>Adem\u00e1s, se conoci\u00f3 de manera extraoficial que Jhon Urdaneta, fiscal 16 de Santa B\u00e1rbara, tambi\u00e9n fue detenido. Hasta el momento, no se tienen mayores detalles sobre las razones detr\u00e1s de estas detenciones.<\/p>\n\n\n\n<p>La informaci\u00f3n fue difundida por diversas fuentes locales, pero a\u00fan no se han emitido comunicados oficiales que expliquen los motivos de las detenciones. Se est\u00e1 a la espera de mayor informaci\u00f3n o la confirmaci\u00f3n sobre este caso que ha conmocionado a la pol\u00edtica regional.<br><strong><em>ET \/ RDN<\/em><\/strong><\/p>\n","protected":false},"excerpt":{"rendered":"<p>ENTRE TORMENTAS. Sin conocerse mayores detalles trascendi\u00f3 que en la noche de este viernes 23&#8230;<\/p>\n","protected":false},"author":2,"featured_media":12810,"comment_status":"closed","ping_status":"open","sticky":false,"template":"","format":"standard","meta":{"footnotes":""},"categories":[56,1],"tags":[],"class_list":["post-12809","post","type-post","status-publish","format-standard","has-post-thumbnail","hentry","category-destacadas","category-regionales"],"_links":{"self":[{"href":"https:\/\/entretormentas.com\/index.php?rest_route=\/wp\/v2\/posts\/12809","targetHints":{"allow":["GET"]}}],"collection":[{"href":"https:\/\/entretormentas.com\/index.php?rest_route=\/wp\/v2\/posts"}],"about":[{"href":"https:\/\/entretormentas.com\/index.php?rest_route=\/wp\/v2\/types\/post"}],"author":[{"embeddable":true,"href":"https:\/\/entretormentas.com\/index.php?rest_route=\/wp\/v2\/users\/2"}],"replies":[{"embeddable":true,"href":"https:\/\/entretormentas.com\/index.php?rest_route=%2Fwp%2Fv2%2Fcomments&post=12809"}],"version-history":[{"count":1,"href":"https:\/\/entretormentas.com\/index.php?rest_route=\/wp\/v2\/posts\/12809\/revisions"}],"predecessor-version":[{"id":12811,"href":"https:\/\/entretormentas.com\/index.php?rest_route=\/wp\/v2\/posts\/12809\/revisions\/12811"}],"wp:featuredmedia":[{"embeddable":true,"href":"https:\/\/entretormentas.com\/index.php?rest_route=\/wp\/v2\/media\/12810"}],"wp:attachment":[{"href":"https:\/\/entretormentas.com\/index.php?rest_route=%2Fwp%2Fv2%2Fmedia&parent=12809"}],"wp:term":[{"taxonomy":"category","embeddable":true,"href":"https:\/\/entretormentas.com\/index.php?rest_route=%2Fwp%2Fv2%2Fcategories&post=12809"},{"taxonomy":"post_tag","embeddable":true,"href":"https:\/\/entretormentas.com\/index.php?rest_route=%2Fwp%2Fv2%2Ftags&post=12809"}],"curies":[{"name":"wp","href":"https:\/\/api.w.org\/{rel}","templated":true}]}}