{"id":12812,"date":"2025-01-27T09:12:54","date_gmt":"2025-01-27T08:12:54","guid":{"rendered":"https:\/\/entretormentas.com\/?p=12812"},"modified":"2025-01-27T09:12:55","modified_gmt":"2025-01-27T08:12:55","slug":"preparados-alcaldia-de-san-francisco-inicia-plan-preventivo-de-fumigacion","status":"publish","type":"post","link":"https:\/\/entretormentas.com\/preparados-alcaldia-de-san-francisco-inicia-plan-preventivo-de-fumigacion\/","title":{"rendered":"\u00a1PREPARADOS! Alcald\u00eda de San Francisco inicia Plan Preventivo de Fumigaci\u00f3n"},"content":{"rendered":"\n<p><strong>ENTRE TORMENTAS.<\/strong> En la gesti\u00f3n del alcalde Gustavo Fern\u00e1ndez, la atenci\u00f3n comunitaria cumple un rol fundamental para el desarrollo de los espacios de convivencia, por esta raz\u00f3n se le da continuidad al Plan de Fumigaci\u00f3n 2024, con el fin de brindar prevenci\u00f3n ante posibles brotes epid\u00e9micos y as\u00ed atender las solicitudes realizadas por los sanfranciscanos de diferentes sectores y parroquias.<\/p>\n\n\n\n<p>El Plan Preventivo de Fumigaci\u00f3n en el municipio San Francisco, comprende un trabajo en conjunto entre el Instituto P\u00fablico Municipal de la Salud (Imsasur), liderado por su presidente, el Dr. Juan Carlos Rangel, el Instituto Municipal de Ambiente y Aseo Urbano (Imasur), presidido por Carlos Calles y el Cuerpo de Bomberos del municipio San Francisco, representado en esta oportunidad, por el primer teniente Jos\u00e9 Guti\u00e9rrez.<\/p>\n\n\n\n<p>Como punto de partida se instal\u00f3 una mesa de trabajo para discutir la cobertura efectiva de los sectores a fumigar, tomando en cuenta la informaci\u00f3n suministrada por la Sala Situacional de Imsasur. Adem\u00e1s, en cada sector establecido en el cronograma de trabajo, se instalar\u00e1 un punto de vacunaci\u00f3n con el Programa Ampliado de Inmunizaciones (P.A.I.), para atender ni\u00f1os y adultos.<\/p>\n\n\n\n<p>Rangel inform\u00f3 que las comunidades son atendidas con el fin de prevenir enfermedades en sus habitantes. \u201cIniciamos atendiendo al sector El Per\u00fa de la parroquia San Francisco, en un plan de salud que tenemos para todo el municipio, estamos trabajando en conjunto con el cuerpo de bomberos de San Francisco, hoy nos activamos con fumigaci\u00f3n, desparasitaci\u00f3n, y vacunaci\u00f3n para toda la comunidad, en la gesti\u00f3n del alcalde Gustavo Fern\u00e1ndez, la salud siempre ser\u00e1 lo primero\u201d.<\/p>\n\n\n\n<figure class=\"wp-block-image size-large\"><img fetchpriority=\"high\" decoding=\"async\" width=\"1024\" height=\"576\" src=\"https:\/\/entretormentas.com\/wp-content\/uploads\/2025\/01\/image-445-1024x576.png\" alt=\"\" class=\"wp-image-12814\" srcset=\"https:\/\/entretormentas.com\/wp-content\/uploads\/2025\/01\/image-445-1024x576.png 1024w, https:\/\/entretormentas.com\/wp-content\/uploads\/2025\/01\/image-445-300x169.png 300w, https:\/\/entretormentas.com\/wp-content\/uploads\/2025\/01\/image-445-768x432.png 768w, https:\/\/entretormentas.com\/wp-content\/uploads\/2025\/01\/image-445.png 1280w\" sizes=\"(max-width: 1024px) 100vw, 1024px\" \/><\/figure>\n\n\n\n<p>Se espera para los pr\u00f3ximos d\u00edas una jornada de abatizaci\u00f3n en el sector El Per\u00fa, a cargo de la direcci\u00f3n de Ambiente, adscrita a Imasur, con el objetivo de tener mayor alcance de intervenci\u00f3n en todas las comunidades en este a\u00f1o 2025.<\/p>\n\n\n\n<p><strong>SANFRANCISCANOS CONFORMES<\/strong><br>Yineidy D\u00e1vila expres\u00f3: \u201cEstamos muy agradecidos con esta jornada que est\u00e1n haciendo ac\u00e1 en El Per\u00fa, a trav\u00e9s de la alcald\u00eda de San Francisco, y por supuesto con nuestro alcalde Gustavo Fern\u00e1ndez, quien se aboc\u00f3 a este lugar para resolver la problem\u00e1tica que tenemos con las aguas servidas, ya que tenemos ni\u00f1os, vecinos y adultos mayores enfermos, gracias alcalde por esta jornada de vacunaci\u00f3n, fumigaci\u00f3n y desparasitaci\u00f3n\u201d.<\/p>\n\n\n\n<p>Otros vecinos agradecidos como Ender Fern\u00e1ndez destacaron: \u201cHoy se hizo un poco m\u00e1s por este sector, insistimos en que tenemos un problema de aguas negras, muchas gracias al Alcalde, por esta gesti\u00f3n, necesitamos tambi\u00e9n que Hidrolago nos responda\u201d.<\/p>\n\n\n\n<p>A la vez Maritza Vicu\u00f1a destac\u00f3 \u201cTenemos muchos ni\u00f1os enfermos, como consecuencia de este bote de aguas negras, gracias al alcalde por atender nuestra comunidad con esta jornada\u201d.<br><strong><em>ET \/ Alcald\u00eda de San Francisco<\/em><\/strong><\/p>\n\n\n\n<p><\/p>\n","protected":false},"excerpt":{"rendered":"<p>ENTRE TORMENTAS. En la gesti\u00f3n del alcalde Gustavo Fern\u00e1ndez, la atenci\u00f3n comunitaria cumple un rol&#8230;<\/p>\n","protected":false},"author":2,"featured_media":12813,"comment_status":"closed","ping_status":"open","sticky":false,"template":"","format":"standard","meta":{"footnotes":""},"categories":[57,1],"tags":[],"class_list":["post-12812","post","type-post","status-publish","format-standard","has-post-thumbnail","hentry","category-actualidad","category-regionales"],"_links":{"self":[{"href":"https:\/\/entretormentas.com\/index.php?rest_route=\/wp\/v2\/posts\/12812","targetHints":{"allow":["GET"]}}],"collection":[{"href":"https:\/\/entretormentas.com\/index.php?rest_route=\/wp\/v2\/posts"}],"about":[{"href":"https:\/\/entretormentas.com\/index.php?rest_route=\/wp\/v2\/types\/post"}],"author":[{"embeddable":true,"href":"https:\/\/entretormentas.com\/index.php?rest_route=\/wp\/v2\/users\/2"}],"replies":[{"embeddable":true,"href":"https:\/\/entretormentas.com\/index.php?rest_route=%2Fwp%2Fv2%2Fcomments&post=12812"}],"version-history":[{"count":1,"href":"https:\/\/entretormentas.com\/index.php?rest_route=\/wp\/v2\/posts\/12812\/revisions"}],"predecessor-version":[{"id":12815,"href":"https:\/\/entretormentas.com\/index.php?rest_route=\/wp\/v2\/posts\/12812\/revisions\/12815"}],"wp:featuredmedia":[{"embeddable":true,"href":"https:\/\/entretormentas.com\/index.php?rest_route=\/wp\/v2\/media\/12813"}],"wp:attachment":[{"href":"https:\/\/entretormentas.com\/index.php?rest_route=%2Fwp%2Fv2%2Fmedia&parent=12812"}],"wp:term":[{"taxonomy":"category","embeddable":true,"href":"https:\/\/entretormentas.com\/index.php?rest_route=%2Fwp%2Fv2%2Fcategories&post=12812"},{"taxonomy":"post_tag","embeddable":true,"href":"https:\/\/entretormentas.com\/index.php?rest_route=%2Fwp%2Fv2%2Ftags&post=12812"}],"curies":[{"name":"wp","href":"https:\/\/api.w.org\/{rel}","templated":true}]}}