{"id":12820,"date":"2025-01-27T09:19:19","date_gmt":"2025-01-27T08:19:19","guid":{"rendered":"https:\/\/entretormentas.com\/?p=12820"},"modified":"2025-01-27T09:19:20","modified_gmt":"2025-01-27T08:19:20","slug":"en-el-caujaro-alcaldia-de-san-francisco-despeja-via-obstaculizada-por-acumulacion-de-basura","status":"publish","type":"post","link":"https:\/\/entretormentas.com\/en-el-caujaro-alcaldia-de-san-francisco-despeja-via-obstaculizada-por-acumulacion-de-basura\/","title":{"rendered":"\u00a1EN EL CAUJARO! Alcald\u00eda de San Francisco despeja v\u00eda obstaculizada por acumulaci\u00f3n de basura"},"content":{"rendered":"\n<p><strong>ENTRE TORMENTAS.<\/strong> Gracias al gran despliegue t\u00e9cnico y humano, del Instituto Municipal de Ambiente y Aseo Urbano se despej\u00f3 en su totalidad la avenida 49G de El Caujaro que por a\u00f1os estuvo obstaculizada por m\u00e1s de setecientas veinte y cuatro (724) toneladas de desechos s\u00f3lidos, impidiendo el paso peatonal y de veh\u00edculos particulares y l\u00edneas de transporte p\u00fablico.<\/p>\n\n\n\n<p>En un esfuerzo significativo por mejorar la calidad de vida de los habitantes de las parroquias Jos\u00e9 Domingo Rus y Domitila Flores, la alcald\u00eda de San Francisco, bajo la conducci\u00f3n del alcalde Gustavo Fern\u00e1ndez, realiz\u00f3 un operativo especial de limpieza, recuperando este espacio que por 14 a\u00f1os se mantuvo inactivo, por la gran cantidad de basura acumulada.<\/p>\n\n\n\n<p>\u201cEstos trabajos contemplaron la movilizaci\u00f3n de nueve volquetas, nueve volteos, tres retroexcavadoras y 48 horas de intensas tareas para liberar esta v\u00eda que permaneci\u00f3 cerrada, sin asistencia alguna de gobiernos anteriores. La limpieza se llev\u00f3 a cabo especificamente en el lote H de El Caujaro y Villa Bel\u00e9n y forma parte del compromiso adquirido por el ayuntamiento sure\u00f1o de mantener un San Francisco limpio y ordenado\u00bb, as\u00ed lo inform\u00f3, Javier Solano, director de Aseo Urbano y Domiciliario.<\/p>\n\n\n\n<figure class=\"wp-block-image size-large\"><img fetchpriority=\"high\" decoding=\"async\" width=\"1024\" height=\"768\" src=\"https:\/\/entretormentas.com\/wp-content\/uploads\/2025\/01\/image-449-1024x768.png\" alt=\"\" class=\"wp-image-12822\" srcset=\"https:\/\/entretormentas.com\/wp-content\/uploads\/2025\/01\/image-449-1024x768.png 1024w, https:\/\/entretormentas.com\/wp-content\/uploads\/2025\/01\/image-449-300x225.png 300w, https:\/\/entretormentas.com\/wp-content\/uploads\/2025\/01\/image-449-768x576.png 768w, https:\/\/entretormentas.com\/wp-content\/uploads\/2025\/01\/image-449.png 1080w\" sizes=\"(max-width: 1024px) 100vw, 1024px\" \/><\/figure>\n\n\n\n<p>Carolina Ferrer, una de las afectadas por esta problem\u00e1tica expres\u00f3 \u201cgracias al alcalde Gustavo Fern\u00e1ndez, por tomarnos en cuenta. Ten\u00edamos muchos a\u00f1os con esta basura aqu\u00ed, que nos estaba perjudicando a todos los vecinos, sobre todo por el humo, cuando quemaban la basura. Le hacemos un llamado a las autoridades competentes para que nos apoyen con patrullaje permanente y no permitan que personas inconscientes vuelvan a utilizar esta calle como botadero de basura.\u201d<\/p>\n\n\n\n<p>Por su parte, Moira Montesinos dijo \u00ablos malos olores y las moscas, eran un problema constante. Ya gracias a Dios y al alcalde nos hemos liberado de tanta basura, mientras que Jorge Luis Orozco, manifest\u00f3 que se hab\u00eda cumplido su deseo de ver esta zona limpia y libre de desechos\u00bb.<\/p>\n\n\n\n<p>Con la recuperaci\u00f3n de este espacio, no solo se mejora la est\u00e9tica, la transitabilidad, sino que tambi\u00e9n contribuye con la salubridad de los residentes, que habitan en estos populosos sectores.<br><strong><em>ET \/ Alcald\u00eda de San Francisco<\/em><\/strong><\/p>\n\n\n\n<p><\/p>\n","protected":false},"excerpt":{"rendered":"<p>ENTRE TORMENTAS. Gracias al gran despliegue t\u00e9cnico y humano, del Instituto Municipal de Ambiente y&#8230;<\/p>\n","protected":false},"author":2,"featured_media":12821,"comment_status":"closed","ping_status":"open","sticky":false,"template":"","format":"standard","meta":{"footnotes":""},"categories":[57,1],"tags":[],"class_list":["post-12820","post","type-post","status-publish","format-standard","has-post-thumbnail","hentry","category-actualidad","category-regionales"],"_links":{"self":[{"href":"https:\/\/entretormentas.com\/index.php?rest_route=\/wp\/v2\/posts\/12820","targetHints":{"allow":["GET"]}}],"collection":[{"href":"https:\/\/entretormentas.com\/index.php?rest_route=\/wp\/v2\/posts"}],"about":[{"href":"https:\/\/entretormentas.com\/index.php?rest_route=\/wp\/v2\/types\/post"}],"author":[{"embeddable":true,"href":"https:\/\/entretormentas.com\/index.php?rest_route=\/wp\/v2\/users\/2"}],"replies":[{"embeddable":true,"href":"https:\/\/entretormentas.com\/index.php?rest_route=%2Fwp%2Fv2%2Fcomments&post=12820"}],"version-history":[{"count":1,"href":"https:\/\/entretormentas.com\/index.php?rest_route=\/wp\/v2\/posts\/12820\/revisions"}],"predecessor-version":[{"id":12823,"href":"https:\/\/entretormentas.com\/index.php?rest_route=\/wp\/v2\/posts\/12820\/revisions\/12823"}],"wp:featuredmedia":[{"embeddable":true,"href":"https:\/\/entretormentas.com\/index.php?rest_route=\/wp\/v2\/media\/12821"}],"wp:attachment":[{"href":"https:\/\/entretormentas.com\/index.php?rest_route=%2Fwp%2Fv2%2Fmedia&parent=12820"}],"wp:term":[{"taxonomy":"category","embeddable":true,"href":"https:\/\/entretormentas.com\/index.php?rest_route=%2Fwp%2Fv2%2Fcategories&post=12820"},{"taxonomy":"post_tag","embeddable":true,"href":"https:\/\/entretormentas.com\/index.php?rest_route=%2Fwp%2Fv2%2Ftags&post=12820"}],"curies":[{"name":"wp","href":"https:\/\/api.w.org\/{rel}","templated":true}]}}