{"id":12824,"date":"2025-01-27T09:22:25","date_gmt":"2025-01-27T08:22:25","guid":{"rendered":"https:\/\/entretormentas.com\/?p=12824"},"modified":"2025-01-27T09:23:09","modified_gmt":"2025-01-27T08:23:09","slug":"fecha-2-del-grupo-b-colombia-frena-a-argentina-con-un-empate-y-brasil-se-recupera-al-vencer-a-bolivia","status":"publish","type":"post","link":"https:\/\/entretormentas.com\/fecha-2-del-grupo-b-colombia-frena-a-argentina-con-un-empate-y-brasil-se-recupera-al-vencer-a-bolivia\/","title":{"rendered":"\u00a1FECHA 2 DEL GRUPO B! Colombia frena a Argentina con un empate y Brasil se recupera al vencer a Bolivia"},"content":{"rendered":"\n<p><strong>ENTRE TORMENTAS. <\/strong>La Selecci\u00f3n Colombia debut\u00f3 este domingo 22 de enero en el Campeonato Sudamericano Sub-20 y acab\u00f3 con el mito que nac\u00eda en Argentina. Los cafeteros enfrentaron a los albicelestes, que se perfilaban como grandes favoritos del grupo B luego de golear 6-0 a Brasil en la fecha 1; pero Colombia no temi\u00f3 y le par\u00f3 la mano a su rival.<\/p>\n\n\n\n<p>Los dirigidos por C\u00e9sar Torres mostraron personalidad y ganas, basados en orden defensivo, un equipo compacto en mitad del campo, y flechas por los costados, con mucho picante pero con falencias t\u00e9cnicas y en definici\u00f3n.<\/p>\n\n\n\n<p>A los 33 minutos lleg\u00f3 la gran sorpresa: \u00d3scar Perea anot\u00f3 el gol para Colombia, que se pon\u00eda arriba 0-1, dejando mal a la defensa argentina. Sin embargo, la alegr\u00eda no dur\u00f3 mucho, pues a los 36\u2019 empat\u00f3 la Albiceleste con gol de Claudio Echeverri. Luego el partido fue una lucha de toma y dame.<\/p>\n\n\n\n<figure class=\"wp-block-image size-full\"><img fetchpriority=\"high\" decoding=\"async\" width=\"972\" height=\"670\" src=\"https:\/\/entretormentas.com\/wp-content\/uploads\/2025\/01\/image-451.png\" alt=\"\" class=\"wp-image-12826\" srcset=\"https:\/\/entretormentas.com\/wp-content\/uploads\/2025\/01\/image-451.png 972w, https:\/\/entretormentas.com\/wp-content\/uploads\/2025\/01\/image-451-300x207.png 300w, https:\/\/entretormentas.com\/wp-content\/uploads\/2025\/01\/image-451-768x529.png 768w\" sizes=\"(max-width: 972px) 100vw, 972px\" \/><\/figure>\n\n\n\n<p><strong>BRASIL TOMA RESPIRO AL REENCONTRARSE CON EL TRIUNFO<\/strong><br>Brasil logr\u00f3 su primera victoria en el Sudamericano Sub-20 al imponerse 2-1 a Bolivia en un partido disputado en el Estadio Misael Delgado de Valencia, Venezuela.<\/p>\n\n\n\n<p>El equipo brasile\u00f1o, que ven\u00eda de un duro 6-0 contra Argentina, necesitaba este triunfo para seguir en la pelea del grupo B.<\/p>\n\n\n\n<p>El marcador se abri\u00f3 temprano, al minuto 14, con un cabezazo de Gabriel Moscardo. Poco despu\u00e9s, Breno Bidon ampli\u00f3 la ventaja con un golazo desde fuera del \u00e1rea, dejando a Brasil con un c\u00f3modo 2-0 al descanso. En la segunda mitad, Bolivia reaccion\u00f3 r\u00e1pidamente con un tanto de Guilmar Centella.<\/p>\n\n\n\n<p>Con este resultado, Brasil suma sus primeros puntos en el torneo y mantiene viva la esperanza de avanzar al hexagonal final. Bolivia, por su parte, complica sus opciones tras haber perdido tambi\u00e9n su primer partido 2-1 ante Ecuador.<\/p>\n\n\n\n<p>La pr\u00f3xima jornada del Grupo B ser\u00e1 este martes 28 de enero cuando Argentina y Bolivia se enfrenten primera hora y a segunda chocar\u00e1n Colombia y Ecuador.<br><strong><em>ET \/ Agencias<\/em><\/strong><\/p>\n\n\n\n<p><\/p>\n","protected":false},"excerpt":{"rendered":"<p>ENTRE TORMENTAS. La Selecci\u00f3n Colombia debut\u00f3 este domingo 22 de enero en el Campeonato Sudamericano&#8230;<\/p>\n","protected":false},"author":2,"featured_media":12825,"comment_status":"closed","ping_status":"open","sticky":false,"template":"","format":"standard","meta":{"footnotes":""},"categories":[57,53],"tags":[],"class_list":["post-12824","post","type-post","status-publish","format-standard","has-post-thumbnail","hentry","category-actualidad","category-deportes"],"_links":{"self":[{"href":"https:\/\/entretormentas.com\/index.php?rest_route=\/wp\/v2\/posts\/12824","targetHints":{"allow":["GET"]}}],"collection":[{"href":"https:\/\/entretormentas.com\/index.php?rest_route=\/wp\/v2\/posts"}],"about":[{"href":"https:\/\/entretormentas.com\/index.php?rest_route=\/wp\/v2\/types\/post"}],"author":[{"embeddable":true,"href":"https:\/\/entretormentas.com\/index.php?rest_route=\/wp\/v2\/users\/2"}],"replies":[{"embeddable":true,"href":"https:\/\/entretormentas.com\/index.php?rest_route=%2Fwp%2Fv2%2Fcomments&post=12824"}],"version-history":[{"count":1,"href":"https:\/\/entretormentas.com\/index.php?rest_route=\/wp\/v2\/posts\/12824\/revisions"}],"predecessor-version":[{"id":12827,"href":"https:\/\/entretormentas.com\/index.php?rest_route=\/wp\/v2\/posts\/12824\/revisions\/12827"}],"wp:featuredmedia":[{"embeddable":true,"href":"https:\/\/entretormentas.com\/index.php?rest_route=\/wp\/v2\/media\/12825"}],"wp:attachment":[{"href":"https:\/\/entretormentas.com\/index.php?rest_route=%2Fwp%2Fv2%2Fmedia&parent=12824"}],"wp:term":[{"taxonomy":"category","embeddable":true,"href":"https:\/\/entretormentas.com\/index.php?rest_route=%2Fwp%2Fv2%2Fcategories&post=12824"},{"taxonomy":"post_tag","embeddable":true,"href":"https:\/\/entretormentas.com\/index.php?rest_route=%2Fwp%2Fv2%2Ftags&post=12824"}],"curies":[{"name":"wp","href":"https:\/\/api.w.org\/{rel}","templated":true}]}}