{"id":12828,"date":"2025-01-27T09:25:11","date_gmt":"2025-01-27T08:25:11","guid":{"rendered":"https:\/\/entretormentas.com\/?p=12828"},"modified":"2025-01-27T09:25:12","modified_gmt":"2025-01-27T08:25:12","slug":"esperanzado-cardenal-baltazar-porras-considera-posible-un-dialogo-en-el-pais","status":"publish","type":"post","link":"https:\/\/entretormentas.com\/esperanzado-cardenal-baltazar-porras-considera-posible-un-dialogo-en-el-pais\/","title":{"rendered":"\u00a1ESPERANZADO! Cardenal Baltazar Porras considera posible un di\u00e1logo en el pa\u00eds"},"content":{"rendered":"\n<p><strong>ENTRE TORMENTAS. <\/strong>El arzobispo em\u00e9rito de Caracas, cardenal Baltazar Porras, asegur\u00f3 que a\u00fan existen posibilidades de reactivar un di\u00e1logo en Venezuela.<\/p>\n\n\n\n<p>\u00abLas situaciones dif\u00edciles est\u00e1n para buscarle alguna soluci\u00f3n aunque nos parezca que tenemos como una tapia que es infranqueable; pero sabemos que no es as\u00ed. Se requiere constancia, paciencia y la b\u00fasqueda de esos mecanismos que nos hagan ver los aut\u00e9nticos valores que permitan que nuestra sociedad no sean los que tengan que pagar los platos rotos\u00bb, dijo.<\/p>\n\n\n\n<p>Las declaraciones del religioso fueron ofrecidas tras una misa en honor a San Francisco de Sales.<br><strong><em>ET \/ Uni\u00f3n Radio<\/em><\/strong><\/p>\n\n\n\n<p><\/p>\n","protected":false},"excerpt":{"rendered":"<p>ENTRE TORMENTAS. El arzobispo em\u00e9rito de Caracas, cardenal Baltazar Porras, asegur\u00f3 que a\u00fan existen posibilidades&#8230;<\/p>\n","protected":false},"author":2,"featured_media":12829,"comment_status":"closed","ping_status":"open","sticky":false,"template":"","format":"standard","meta":{"footnotes":""},"categories":[49],"tags":[],"class_list":["post-12828","post","type-post","status-publish","format-standard","has-post-thumbnail","hentry","category-nacionales"],"_links":{"self":[{"href":"https:\/\/entretormentas.com\/index.php?rest_route=\/wp\/v2\/posts\/12828","targetHints":{"allow":["GET"]}}],"collection":[{"href":"https:\/\/entretormentas.com\/index.php?rest_route=\/wp\/v2\/posts"}],"about":[{"href":"https:\/\/entretormentas.com\/index.php?rest_route=\/wp\/v2\/types\/post"}],"author":[{"embeddable":true,"href":"https:\/\/entretormentas.com\/index.php?rest_route=\/wp\/v2\/users\/2"}],"replies":[{"embeddable":true,"href":"https:\/\/entretormentas.com\/index.php?rest_route=%2Fwp%2Fv2%2Fcomments&post=12828"}],"version-history":[{"count":1,"href":"https:\/\/entretormentas.com\/index.php?rest_route=\/wp\/v2\/posts\/12828\/revisions"}],"predecessor-version":[{"id":12830,"href":"https:\/\/entretormentas.com\/index.php?rest_route=\/wp\/v2\/posts\/12828\/revisions\/12830"}],"wp:featuredmedia":[{"embeddable":true,"href":"https:\/\/entretormentas.com\/index.php?rest_route=\/wp\/v2\/media\/12829"}],"wp:attachment":[{"href":"https:\/\/entretormentas.com\/index.php?rest_route=%2Fwp%2Fv2%2Fmedia&parent=12828"}],"wp:term":[{"taxonomy":"category","embeddable":true,"href":"https:\/\/entretormentas.com\/index.php?rest_route=%2Fwp%2Fv2%2Fcategories&post=12828"},{"taxonomy":"post_tag","embeddable":true,"href":"https:\/\/entretormentas.com\/index.php?rest_route=%2Fwp%2Fv2%2Ftags&post=12828"}],"curies":[{"name":"wp","href":"https:\/\/api.w.org\/{rel}","templated":true}]}}