{"id":12834,"date":"2025-01-27T09:29:19","date_gmt":"2025-01-27T08:29:19","guid":{"rendered":"https:\/\/entretormentas.com\/?p=12834"},"modified":"2025-01-27T09:29:20","modified_gmt":"2025-01-27T08:29:20","slug":"van-mas-de-mil-800-ministerio-publico-anuncia-381-nuevas-excarcelaciones-relacionadas-al-28j","status":"publish","type":"post","link":"https:\/\/entretormentas.com\/van-mas-de-mil-800-ministerio-publico-anuncia-381-nuevas-excarcelaciones-relacionadas-al-28j\/","title":{"rendered":"\u00a1VAN M\u00c1S DE MIL 800! Ministerio P\u00fablico anuncia 381 nuevas excarcelaciones relacionadas al #28J"},"content":{"rendered":"\n<p><strong>ENTRE TORMENTAS. <\/strong>El Ministerio P\u00fablico inform\u00f3 la aprobaci\u00f3n de 381 nuevas excarcelaciones o revisiones de medidas judiciales relacionadas con la crisis postelectoral ocurrida tras el 28 de junio, lo que eleva a mil 896 el n\u00famero total de excarcelaciones otorgadas desde entonces.<\/p>\n\n\n\n<p>Seg\u00fan un comunicado emitido este 25 de enero de 2025, las solicitudes para estas revisiones se llevaron a cabo los d\u00edas 16 y 24 de enero, en coordinaci\u00f3n con el Poder Judicial. Estas acciones se enmarcan en las investigaciones que adelanta el Ministerio P\u00fablico y en su compromiso con el respeto a los principios y garant\u00edas consagrados en la Constituci\u00f3n.<\/p>\n\n\n\n<p>El fiscal general de la Rep\u00fablica, Tarek William Saab, destac\u00f3 que el Ministerio P\u00fablico act\u00faa con objetividad e imparcialidad, reafirmando su compromiso con la paz, la justicia y los derechos humanos en el pa\u00eds.<\/p>\n\n\n\n<p>El anuncio marca un nuevo avance en el proceso de revisi\u00f3n de medidas vinculadas a los sucesos post electorales, reflejando la intenci\u00f3n del Estado de garantizar una actuaci\u00f3n ajustada al marco legal y los derechos fundamentales.<br><strong><em>ET \/ Agencias<\/em><\/strong><\/p>\n","protected":false},"excerpt":{"rendered":"<p>ENTRE TORMENTAS. El Ministerio P\u00fablico inform\u00f3 la aprobaci\u00f3n de 381 nuevas excarcelaciones o revisiones de&#8230;<\/p>\n","protected":false},"author":2,"featured_media":12835,"comment_status":"closed","ping_status":"open","sticky":false,"template":"","format":"standard","meta":{"footnotes":""},"categories":[49],"tags":[],"class_list":["post-12834","post","type-post","status-publish","format-standard","has-post-thumbnail","hentry","category-nacionales"],"_links":{"self":[{"href":"https:\/\/entretormentas.com\/index.php?rest_route=\/wp\/v2\/posts\/12834","targetHints":{"allow":["GET"]}}],"collection":[{"href":"https:\/\/entretormentas.com\/index.php?rest_route=\/wp\/v2\/posts"}],"about":[{"href":"https:\/\/entretormentas.com\/index.php?rest_route=\/wp\/v2\/types\/post"}],"author":[{"embeddable":true,"href":"https:\/\/entretormentas.com\/index.php?rest_route=\/wp\/v2\/users\/2"}],"replies":[{"embeddable":true,"href":"https:\/\/entretormentas.com\/index.php?rest_route=%2Fwp%2Fv2%2Fcomments&post=12834"}],"version-history":[{"count":1,"href":"https:\/\/entretormentas.com\/index.php?rest_route=\/wp\/v2\/posts\/12834\/revisions"}],"predecessor-version":[{"id":12836,"href":"https:\/\/entretormentas.com\/index.php?rest_route=\/wp\/v2\/posts\/12834\/revisions\/12836"}],"wp:featuredmedia":[{"embeddable":true,"href":"https:\/\/entretormentas.com\/index.php?rest_route=\/wp\/v2\/media\/12835"}],"wp:attachment":[{"href":"https:\/\/entretormentas.com\/index.php?rest_route=%2Fwp%2Fv2%2Fmedia&parent=12834"}],"wp:term":[{"taxonomy":"category","embeddable":true,"href":"https:\/\/entretormentas.com\/index.php?rest_route=%2Fwp%2Fv2%2Fcategories&post=12834"},{"taxonomy":"post_tag","embeddable":true,"href":"https:\/\/entretormentas.com\/index.php?rest_route=%2Fwp%2Fv2%2Ftags&post=12834"}],"curies":[{"name":"wp","href":"https:\/\/api.w.org\/{rel}","templated":true}]}}