{"id":12837,"date":"2025-01-27T09:33:11","date_gmt":"2025-01-27T08:33:11","guid":{"rendered":"https:\/\/entretormentas.com\/?p=12837"},"modified":"2025-01-27T09:33:12","modified_gmt":"2025-01-27T08:33:12","slug":"cuatro-menores-de-edad-foro-penal-afirma-que-mil-601-personas-siguen-detenidas-por-motivos-politicos","status":"publish","type":"post","link":"https:\/\/entretormentas.com\/cuatro-menores-de-edad-foro-penal-afirma-que-mil-601-personas-siguen-detenidas-por-motivos-politicos\/","title":{"rendered":"\u00a1CUATRO MENORES DE EDAD! Foro Penal afirma que mil 601 personas siguen detenidas por motivos pol\u00edticos"},"content":{"rendered":"\n<p><strong>ENTRE TORMENTAS.<\/strong> La ONG Foro Penal public\u00f3 un nuevo balance de presos pol\u00edticos en el pa\u00eds, donde advirti\u00f3 que a\u00fan existen mil 601 personas detenidas, cuatro de ellos menores de edad.<\/p>\n\n\n\n<p>As\u00ed lo dieron a conocer en una publicaci\u00f3n realizada en sus redes sociales, donde tambi\u00e9n precisaron que de los detenidos mil 418 son hombres y 183 son mujeres.<\/p>\n\n\n\n<p>De igual manera, se\u00f1alaron que en los calabozos del pa\u00eds hay 162 militares detenidos por motivos pol\u00edticos y mil 439 civiles.<\/p>\n\n\n\n<p>Llama poderosamente la atenci\u00f3n que el grueso de los privados de libertad, mil de Prensa 554, a\u00fan no han recibido una sentencia por parte del poder judicial. Tambi\u00e9n alertaron que se desconoce el paradero de al menos 46 de estos detenidos.<\/p>\n\n\n\n<figure class=\"wp-block-image size-large\"><img fetchpriority=\"high\" decoding=\"async\" width=\"1024\" height=\"576\" src=\"https:\/\/entretormentas.com\/wp-content\/uploads\/2025\/01\/image-457-1024x576.png\" alt=\"\" class=\"wp-image-12840\" srcset=\"https:\/\/entretormentas.com\/wp-content\/uploads\/2025\/01\/image-457-1024x576.png 1024w, https:\/\/entretormentas.com\/wp-content\/uploads\/2025\/01\/image-457-300x169.png 300w, https:\/\/entretormentas.com\/wp-content\/uploads\/2025\/01\/image-457-768x432.png 768w, https:\/\/entretormentas.com\/wp-content\/uploads\/2025\/01\/image-457.png 1280w\" sizes=\"(max-width: 1024px) 100vw, 1024px\" \/><\/figure>\n\n\n\n<p><strong>ARRESTOS POR MOTIVOS POL\u00cdTICOS DESDE 2014<\/strong><br>Foro Penal tambi\u00e9n advirti\u00f3 que desde 2014 se han producido 18 mil 247 detenciones en el pa\u00eds con fines pol\u00edticos, de las cuales al menos 14 mil han recibido asistencia de la ONG.<\/p>\n\n\n\n<p>En este sentido, alertaron que m\u00e1s de nueve mil de estas personas a\u00fan est\u00e1n sujetas \u00abarbitrariamente\u00bb a medidas restrictivas de su libertad.<\/p>\n\n\n\n<p>Por \u00faltimo, aclararon que dicho balance \u00abno incluye, todav\u00eda, a todos los arrestados y liberados o se mantienen bajo arresto a corto plazo (48 hrs)\u00bb.<\/p>\n\n\n\n<p><strong>TRASLADOS A TOCOR\u00d3N<\/strong><br>Las autoridades trasladaron esta semana a 14 presos pol\u00edticos al Centro Penitenciario de Aragua, conocido como Tocor\u00f3n, despu\u00e9s de que resultaron detenidos en el marco de la toma de posesi\u00f3n de Nicol\u00e1s Maduro, seg\u00fan familiares.<\/p>\n\n\n\n<figure class=\"wp-block-image size-large\"><img decoding=\"async\" width=\"1024\" height=\"576\" src=\"https:\/\/entretormentas.com\/wp-content\/uploads\/2025\/01\/image-456-1024x576.png\" alt=\"\" class=\"wp-image-12839\" srcset=\"https:\/\/entretormentas.com\/wp-content\/uploads\/2025\/01\/image-456-1024x576.png 1024w, https:\/\/entretormentas.com\/wp-content\/uploads\/2025\/01\/image-456-300x169.png 300w, https:\/\/entretormentas.com\/wp-content\/uploads\/2025\/01\/image-456-768x432.png 768w, https:\/\/entretormentas.com\/wp-content\/uploads\/2025\/01\/image-456.png 1280w\" sizes=\"(max-width: 1024px) 100vw, 1024px\" \/><\/figure>\n\n\n\n<p>El Comit\u00e9 por la Libertad de los Presos Pol\u00edticos inform\u00f3 en sus redes sociales sobre estos traslados, los cuales se dieron el mi\u00e9rcoles, 22 de enero. Tambi\u00e9n precis\u00f3 que estas personas quedaron detenidas en Valencia, en el estado Carabobo.<\/p>\n\n\n\n<p>\u00abAsimismo, un ciudadano peruano y uno brasile\u00f1o, detenidos arbitrariamente en Las Tejer\u00edas, estado Aragua, tambi\u00e9n habr\u00edan sido trasladados a esta c\u00e1rcel en el mismo contexto\u00bb, indic\u00f3 el Comit\u00e9.<\/p>\n\n\n\n<p>Hasta el momento, se desconocen detalles sobre las identidades de los presos pol\u00edticos trasladados a Tocor\u00f3n. Tampoco hay informaci\u00f3n los cargos de los que los acusa el Ministerio P\u00fablico.<br><strong><em>ET \/ Agencias<\/em><\/strong><\/p>\n\n\n\n<p><\/p>\n","protected":false},"excerpt":{"rendered":"<p>ENTRE TORMENTAS. La ONG Foro Penal public\u00f3 un nuevo balance de presos pol\u00edticos en el&#8230;<\/p>\n","protected":false},"author":2,"featured_media":12838,"comment_status":"closed","ping_status":"open","sticky":false,"template":"","format":"standard","meta":{"footnotes":""},"categories":[56,49],"tags":[],"class_list":["post-12837","post","type-post","status-publish","format-standard","has-post-thumbnail","hentry","category-destacadas","category-nacionales"],"_links":{"self":[{"href":"https:\/\/entretormentas.com\/index.php?rest_route=\/wp\/v2\/posts\/12837","targetHints":{"allow":["GET"]}}],"collection":[{"href":"https:\/\/entretormentas.com\/index.php?rest_route=\/wp\/v2\/posts"}],"about":[{"href":"https:\/\/entretormentas.com\/index.php?rest_route=\/wp\/v2\/types\/post"}],"author":[{"embeddable":true,"href":"https:\/\/entretormentas.com\/index.php?rest_route=\/wp\/v2\/users\/2"}],"replies":[{"embeddable":true,"href":"https:\/\/entretormentas.com\/index.php?rest_route=%2Fwp%2Fv2%2Fcomments&post=12837"}],"version-history":[{"count":1,"href":"https:\/\/entretormentas.com\/index.php?rest_route=\/wp\/v2\/posts\/12837\/revisions"}],"predecessor-version":[{"id":12841,"href":"https:\/\/entretormentas.com\/index.php?rest_route=\/wp\/v2\/posts\/12837\/revisions\/12841"}],"wp:featuredmedia":[{"embeddable":true,"href":"https:\/\/entretormentas.com\/index.php?rest_route=\/wp\/v2\/media\/12838"}],"wp:attachment":[{"href":"https:\/\/entretormentas.com\/index.php?rest_route=%2Fwp%2Fv2%2Fmedia&parent=12837"}],"wp:term":[{"taxonomy":"category","embeddable":true,"href":"https:\/\/entretormentas.com\/index.php?rest_route=%2Fwp%2Fv2%2Fcategories&post=12837"},{"taxonomy":"post_tag","embeddable":true,"href":"https:\/\/entretormentas.com\/index.php?rest_route=%2Fwp%2Fv2%2Ftags&post=12837"}],"curies":[{"name":"wp","href":"https:\/\/api.w.org\/{rel}","templated":true}]}}