{"id":12842,"date":"2025-01-27T09:35:30","date_gmt":"2025-01-27T08:35:30","guid":{"rendered":"https:\/\/entretormentas.com\/?p=12842"},"modified":"2025-01-27T09:35:31","modified_gmt":"2025-01-27T08:35:31","slug":"conflicto-petro-desautoriza-entrada-de-aviones-de-ee-uu-con-deportados","status":"publish","type":"post","link":"https:\/\/entretormentas.com\/conflicto-petro-desautoriza-entrada-de-aviones-de-ee-uu-con-deportados\/","title":{"rendered":"\u00a1CONFLICTO! Petro desautoriza entrada de aviones de EE.UU. con deportados"},"content":{"rendered":"\n<p><strong>ENTRE TORMENTAS.<\/strong> El presidente de Colombia, Gustavo Petro, asegur\u00f3 este domingo que no permitir\u00e1 la entrada al pa\u00eds de aviones con ciudadanos deportados por los Estados Unidos si estos no reciben un trato digno. \u00abLos EE.UU. no pueden tratar como delincuentes a los migrantes colombianos\u00bb, advirti\u00f3.<\/p>\n\n\n\n<p>Desautorizo la entrada de aviones norteamericanos con migrantes colombianos a nuestro territorio. Los EE.UU. deben establecer un protocolo de tratamiento digno a los migrantes antes que los recibamos nosotros\u00bb, manifest\u00f3 Petro en un mensaje en su cuenta de X.<\/p>\n\n\n\n<p>Petro no dio detalles de su decisi\u00f3n, pero el anuncio se produce en medio de la pol\u00e9mica que hay en varios pa\u00edses de Am\u00e9rica Latina por las deportaciones como parte de la pol\u00edtica migratoria del presidente estadounidense, Donald Trump.<\/p>\n\n\n\n<p>El Gobierno de Brasil denunci\u00f3 el s\u00e1bado el uso de esposas por parte de las autoridades estadounidenses contra ciudadanos de ese pa\u00eds durante un vuelo de deportaci\u00f3n.<\/p>\n\n\n\n<p>El ministro de Justicia y Seguridad P\u00fablica, Ricardo Lewandowski, orden\u00f3 a la Polic\u00eda Federal que pidiera a los agentes estadounidenses la retirada \u00abinmediata\u00bb de las esposas, en cuanto el avi\u00f3n hizo una parada t\u00e9cnica en la ciudad de Manaus, seg\u00fan un comunicado.<\/p>\n\n\n\n<p>El viernes, la Casa Blanca indic\u00f3 que \u00abcomenzaron\u00bb las deportaciones de migrantes, en referencia a la principal promesa de campa\u00f1a de Trump de llevar a cabo la mayor operaci\u00f3n de expulsi\u00f3n masiva de extranjeros en la historia de los Estados Unidos.<\/p>\n\n\n\n<p>El mismo d\u00eda, los primeros dos vuelos de deportaci\u00f3n con destino a Guatemala llegaron a ese pa\u00eds procedentes de Laredo (Texas).<\/p>\n\n\n\n<p><strong>POL\u00cdTICAS DE TRUMP<\/strong><br>Petro ha cuestionado algunas de las decisiones o pol\u00edticas de Trump, y el pasado martes tach\u00f3 de \u00abpeligroso\u00bb el comentario que hizo el inquilino de la Casa Blanca sobre Am\u00e9rica Latina, regi\u00f3n sobre la que el gobernante norteamericano dijo: \u00abNo los necesitamos\u00bb.<\/p>\n\n\n\n<p>\u00abHay que esperar el desarrollo de las relaciones y la pol\u00edtica en el planeta, no solamente en los Estados Unidos. Pero yo dir\u00eda que el anuncio de que estamos solos y no nos importa Latinoam\u00e9rica, etc\u00e9tera, es un anuncio peligroso no para el mundo solamente, sino para la misma sociedad norteamericana\u00bb, expres\u00f3 Petro a periodistas.}<\/p>\n\n\n\n<p>La presidenta de M\u00e9xico, Claudia Sheinbaum, tambi\u00e9n asegur\u00f3 el s\u00e1bado que Estados Unidos \u00abno ser\u00eda lo que es\u00bb sin los mexicanos que se van a trabajar all\u00e1, ante el inicio de las redadas migratorias que iniciaron tras la llegada a la presidencia de Trump.<br><strong><em>ET \/ EFE<\/em><\/strong><\/p>\n\n\n\n<p><\/p>\n","protected":false},"excerpt":{"rendered":"<p>ENTRE TORMENTAS. El presidente de Colombia, Gustavo Petro, asegur\u00f3 este domingo que no permitir\u00e1 la&#8230;<\/p>\n","protected":false},"author":2,"featured_media":12843,"comment_status":"closed","ping_status":"open","sticky":false,"template":"","format":"standard","meta":{"footnotes":""},"categories":[56,48],"tags":[],"class_list":["post-12842","post","type-post","status-publish","format-standard","has-post-thumbnail","hentry","category-destacadas","category-internacionales"],"_links":{"self":[{"href":"https:\/\/entretormentas.com\/index.php?rest_route=\/wp\/v2\/posts\/12842","targetHints":{"allow":["GET"]}}],"collection":[{"href":"https:\/\/entretormentas.com\/index.php?rest_route=\/wp\/v2\/posts"}],"about":[{"href":"https:\/\/entretormentas.com\/index.php?rest_route=\/wp\/v2\/types\/post"}],"author":[{"embeddable":true,"href":"https:\/\/entretormentas.com\/index.php?rest_route=\/wp\/v2\/users\/2"}],"replies":[{"embeddable":true,"href":"https:\/\/entretormentas.com\/index.php?rest_route=%2Fwp%2Fv2%2Fcomments&post=12842"}],"version-history":[{"count":1,"href":"https:\/\/entretormentas.com\/index.php?rest_route=\/wp\/v2\/posts\/12842\/revisions"}],"predecessor-version":[{"id":12844,"href":"https:\/\/entretormentas.com\/index.php?rest_route=\/wp\/v2\/posts\/12842\/revisions\/12844"}],"wp:featuredmedia":[{"embeddable":true,"href":"https:\/\/entretormentas.com\/index.php?rest_route=\/wp\/v2\/media\/12843"}],"wp:attachment":[{"href":"https:\/\/entretormentas.com\/index.php?rest_route=%2Fwp%2Fv2%2Fmedia&parent=12842"}],"wp:term":[{"taxonomy":"category","embeddable":true,"href":"https:\/\/entretormentas.com\/index.php?rest_route=%2Fwp%2Fv2%2Fcategories&post=12842"},{"taxonomy":"post_tag","embeddable":true,"href":"https:\/\/entretormentas.com\/index.php?rest_route=%2Fwp%2Fv2%2Ftags&post=12842"}],"curies":[{"name":"wp","href":"https:\/\/api.w.org\/{rel}","templated":true}]}}