{"id":12856,"date":"2025-01-27T18:02:22","date_gmt":"2025-01-27T17:02:22","guid":{"rendered":"https:\/\/entretormentas.com\/?p=12856"},"modified":"2025-01-27T18:02:23","modified_gmt":"2025-01-27T17:02:23","slug":"ultima-hora-cne-convoca-a-elecciones-de-gobernadores-y-diputados-a-la-an-para-el-27-de-abril-de-2025","status":"publish","type":"post","link":"https:\/\/entretormentas.com\/ultima-hora-cne-convoca-a-elecciones-de-gobernadores-y-diputados-a-la-an-para-el-27-de-abril-de-2025\/","title":{"rendered":"\u00a1\u00daLTIMA HORA! CNE convoca a elecciones de gobernadores y diputados a la AN para el 27 de abril de 2025"},"content":{"rendered":"\n<p><strong>ENTRE TORMENTAS. <\/strong>El Consejo Nacional Electoral (CNE) convoc\u00f3 este lunes al proceso de elecciones de Gobernadores de estados, Consejos Legislativos y diputados a la Asamblea Nacional para el pr\u00f3ximo 27 de abril del a\u00f1o 2025.<\/p>\n\n\n\n<p>La informaci\u00f3n la dio a conocer el presidente de la instituci\u00f3n, Elvis Amoroso, durante la lectura de un comunicado oficial, donde se detalla que en el a\u00f1o que cursa \u00abse cumplen los per\u00edodos constitucionales de los diputados y diputadas a la Asamblea Nacional, as\u00ed como de los gobernadores y gobernadoras de los estados, de las alcaldesas y alcaldes municipales y de los diputados y diputadas de los Consejos Legislativos Regionales y Municipales\u00bb.<\/p>\n\n\n\n<figure class=\"wp-block-image size-large\"><img fetchpriority=\"high\" decoding=\"async\" width=\"1024\" height=\"683\" src=\"https:\/\/entretormentas.com\/wp-content\/uploads\/2025\/01\/image-465-1024x683.png\" alt=\"\" class=\"wp-image-12858\" srcset=\"https:\/\/entretormentas.com\/wp-content\/uploads\/2025\/01\/image-465-1024x683.png 1024w, https:\/\/entretormentas.com\/wp-content\/uploads\/2025\/01\/image-465-300x200.png 300w, https:\/\/entretormentas.com\/wp-content\/uploads\/2025\/01\/image-465-768x512.png 768w, https:\/\/entretormentas.com\/wp-content\/uploads\/2025\/01\/image-465.png 1068w\" sizes=\"(max-width: 1024px) 100vw, 1024px\" \/><\/figure>\n\n\n\n<p>Frente a ello, en concordancia con el art\u00edculo 42 de la Ley Org\u00e1nica de Procesos Electorales, el CNE \u00abconvoca a un proceso electoral integral, que comprende elecciones para diputados y diputadas a la Asamblea Nacional en fecha: d\u00eda 27, mes abril del a\u00f1o 2025\u00bb, ley\u00f3.<\/p>\n\n\n\n<p>En lo que respecta a las elecciones para \u00abGobernadoras o Gobernadores de los estados y legisladores y legisladoras de los Consejos Legislativos de estado\u00bb tambi\u00e9n se llevar\u00e1n a cabo en el mismo per\u00edodo \u00abfecha: 27 del mes de abril del a\u00f1o 2025\u00bb.<\/p>\n\n\n\n<p>Durante las declaraciones, Amoroso asegur\u00f3 que de cara al proceso electoral, el CNE y sus rectores garantizar\u00e1n a las organizaciones con fines pol\u00edticos y a todos los candidatos que participar\u00e1n en estos comicios \u00abla mayor confiabilidad, transparencia y las auditor\u00edas correspondientes en el marco de las disposiciones constitucionales\u00bb.<br><strong><em>ET \/ Contrapunto<\/em><\/strong><\/p>\n","protected":false},"excerpt":{"rendered":"<p>ENTRE TORMENTAS. El Consejo Nacional Electoral (CNE) convoc\u00f3 este lunes al proceso de elecciones de&#8230;<\/p>\n","protected":false},"author":2,"featured_media":12857,"comment_status":"closed","ping_status":"open","sticky":false,"template":"","format":"standard","meta":{"footnotes":""},"categories":[56,49],"tags":[],"class_list":["post-12856","post","type-post","status-publish","format-standard","has-post-thumbnail","hentry","category-destacadas","category-nacionales"],"_links":{"self":[{"href":"https:\/\/entretormentas.com\/index.php?rest_route=\/wp\/v2\/posts\/12856","targetHints":{"allow":["GET"]}}],"collection":[{"href":"https:\/\/entretormentas.com\/index.php?rest_route=\/wp\/v2\/posts"}],"about":[{"href":"https:\/\/entretormentas.com\/index.php?rest_route=\/wp\/v2\/types\/post"}],"author":[{"embeddable":true,"href":"https:\/\/entretormentas.com\/index.php?rest_route=\/wp\/v2\/users\/2"}],"replies":[{"embeddable":true,"href":"https:\/\/entretormentas.com\/index.php?rest_route=%2Fwp%2Fv2%2Fcomments&post=12856"}],"version-history":[{"count":1,"href":"https:\/\/entretormentas.com\/index.php?rest_route=\/wp\/v2\/posts\/12856\/revisions"}],"predecessor-version":[{"id":12859,"href":"https:\/\/entretormentas.com\/index.php?rest_route=\/wp\/v2\/posts\/12856\/revisions\/12859"}],"wp:featuredmedia":[{"embeddable":true,"href":"https:\/\/entretormentas.com\/index.php?rest_route=\/wp\/v2\/media\/12857"}],"wp:attachment":[{"href":"https:\/\/entretormentas.com\/index.php?rest_route=%2Fwp%2Fv2%2Fmedia&parent=12856"}],"wp:term":[{"taxonomy":"category","embeddable":true,"href":"https:\/\/entretormentas.com\/index.php?rest_route=%2Fwp%2Fv2%2Fcategories&post=12856"},{"taxonomy":"post_tag","embeddable":true,"href":"https:\/\/entretormentas.com\/index.php?rest_route=%2Fwp%2Fv2%2Ftags&post=12856"}],"curies":[{"name":"wp","href":"https:\/\/api.w.org\/{rel}","templated":true}]}}