{"id":12860,"date":"2025-01-28T09:25:29","date_gmt":"2025-01-28T08:25:29","guid":{"rendered":"https:\/\/entretormentas.com\/?p=12860"},"modified":"2025-01-28T09:25:30","modified_gmt":"2025-01-28T08:25:30","slug":"recreacion-torneo-de-voleibol-de-arena-marca-el-inicio-deportivo-de-la-semana-de-la-zulianidad","status":"publish","type":"post","link":"https:\/\/entretormentas.com\/recreacion-torneo-de-voleibol-de-arena-marca-el-inicio-deportivo-de-la-semana-de-la-zulianidad\/","title":{"rendered":"\u00a1RECREACI\u00d3N! Torneo de Voleibol de Arena marca el inicio deportivo de la Semana de la Zulianidad"},"content":{"rendered":"\n<p><strong>ENTRE TORMENTAS.<em> <\/em><\/strong>Con la participaci\u00f3n de cinco duplas femeninas de la categor\u00eda sub 21, se desarroll\u00f3 este s\u00e1bado 25 de enero el Torneo de Voleibol de Arena \u00abSemana de la Zulianidad\u00bb, desde la cancha \u00abGuillermo Rojas\u00bb de la Villa Deportiva Arqu\u00edmedes Herrera.<\/p>\n\n\n\n<p>El Secretario de Deportes de la Gobernaci\u00f3n del Zulia, Arturo Moreno, se hizo presente en la actividad organizada por la Villa Deportiva, con el apoyo de los entrenadores de la disciplina y los Promotores Deportivos del Instituto Regional de Deportes.<\/p>\n\n\n\n<p>\u00abHa sido una jornada competitiva en la que rein\u00f3 el talento y la pasi\u00f3n por el deporte, y en la que damos inicio a la programaci\u00f3n deportiva y recreativa del per\u00edodo \u00edcono para resaltar nuestra identidad, que continuar\u00e1 con festivales escolares para el rescate de los juegos tradicionales de la regi\u00f3n\u00bb, expres\u00f3 la autoridad.<\/p>\n\n\n\n<p>El equipo integrado por Eva In\u00e9s Aguirre y Natasha Chaverra se qued\u00f3 con el primer lugar de la contienda, escoltadas por Emili Cumare e Isabela Rivera, quienes ocuparon el segundo puesto, y Mar\u00eda Carvajal junto a Jhonairyn Alvarado, que ocuparon el tercer pelda\u00f1o.<\/p>\n\n\n\n<p>Tambi\u00e9n participaron las parejas conformadas por Mary Estefany Guti\u00e9rrez y Emilianys Britney V\u00e1squez, as\u00ed como Oscarly Anais Amesty y Camila Valecillos.<\/p>\n\n\n\n<p>Desde la Gobernaci\u00f3n del Zulia, a trav\u00e9s del Instituto Regional de Deportes y la Villa Deportiva, felicitamos a todas las jugadoras por su destacada participaci\u00f3n en la que dejaron muestra del talento zuliano en esta disciplina.<br><strong><em>ET \/ Nota de Prensa<\/em><\/strong><\/p>\n","protected":false},"excerpt":{"rendered":"<p>ENTRE TORMENTAS. Con la participaci\u00f3n de cinco duplas femeninas de la categor\u00eda sub 21, se&#8230;<\/p>\n","protected":false},"author":2,"featured_media":12861,"comment_status":"closed","ping_status":"open","sticky":false,"template":"","format":"standard","meta":{"footnotes":""},"categories":[53],"tags":[],"class_list":["post-12860","post","type-post","status-publish","format-standard","has-post-thumbnail","hentry","category-deportes"],"_links":{"self":[{"href":"https:\/\/entretormentas.com\/index.php?rest_route=\/wp\/v2\/posts\/12860","targetHints":{"allow":["GET"]}}],"collection":[{"href":"https:\/\/entretormentas.com\/index.php?rest_route=\/wp\/v2\/posts"}],"about":[{"href":"https:\/\/entretormentas.com\/index.php?rest_route=\/wp\/v2\/types\/post"}],"author":[{"embeddable":true,"href":"https:\/\/entretormentas.com\/index.php?rest_route=\/wp\/v2\/users\/2"}],"replies":[{"embeddable":true,"href":"https:\/\/entretormentas.com\/index.php?rest_route=%2Fwp%2Fv2%2Fcomments&post=12860"}],"version-history":[{"count":1,"href":"https:\/\/entretormentas.com\/index.php?rest_route=\/wp\/v2\/posts\/12860\/revisions"}],"predecessor-version":[{"id":12862,"href":"https:\/\/entretormentas.com\/index.php?rest_route=\/wp\/v2\/posts\/12860\/revisions\/12862"}],"wp:featuredmedia":[{"embeddable":true,"href":"https:\/\/entretormentas.com\/index.php?rest_route=\/wp\/v2\/media\/12861"}],"wp:attachment":[{"href":"https:\/\/entretormentas.com\/index.php?rest_route=%2Fwp%2Fv2%2Fmedia&parent=12860"}],"wp:term":[{"taxonomy":"category","embeddable":true,"href":"https:\/\/entretormentas.com\/index.php?rest_route=%2Fwp%2Fv2%2Fcategories&post=12860"},{"taxonomy":"post_tag","embeddable":true,"href":"https:\/\/entretormentas.com\/index.php?rest_route=%2Fwp%2Fv2%2Ftags&post=12860"}],"curies":[{"name":"wp","href":"https:\/\/api.w.org\/{rel}","templated":true}]}}