{"id":12873,"date":"2025-01-28T09:34:36","date_gmt":"2025-01-28T08:34:36","guid":{"rendered":"https:\/\/entretormentas.com\/?p=12873"},"modified":"2025-01-28T09:34:37","modified_gmt":"2025-01-28T08:34:37","slug":"pa-lante-y-pa-atras-colombia-da-por-superado-impasse-con-ee-uu-y-aceptara-a-migrantes-deportados","status":"publish","type":"post","link":"https:\/\/entretormentas.com\/pa-lante-y-pa-atras-colombia-da-por-superado-impasse-con-ee-uu-y-aceptara-a-migrantes-deportados\/","title":{"rendered":"\u00a1PA&#8217; LANTE Y PA&#8217; ATR\u00c1S! Colombia da por superado \u2018impasse\u2019 con EE.UU. y aceptar\u00e1 a migrantes deportados"},"content":{"rendered":"\n<p><strong>ENTRE TORMENTAS.<\/strong> El Gobierno de Colombia ha confirmado este domingo que ha superado \u00abel impase\u00bb con Washington y seguir\u00e1 recibiendo a los colombianos que \u00abretornen en condici\u00f3n de deportados\u00bb de Estados Unidos.<\/p>\n\n\n\n<p>\u00abSeguiremos recibiendo a los colombianos y a las colombianas que retornen en condici\u00f3n de deportados, garantiz\u00e1ndoles las condiciones dignas como ciudadanos sujetos de derechos\u00bb, declar\u00f3 este domingo el ministro de Asuntos Exteriores colombiano, Luis Gilberto Murillo al leer un comunicado en una comparecencia a la prensa en compa\u00f1\u00eda del embajador en Washington, Daniel Garc\u00eda-Pe\u00f1a; la canciller designada, Laura Sarabia; el vicecanciller Jorge Rojas y el ministro de Comercio, industria y Turismo, Luis Carlos Reyes.<\/p>\n\n\n\n<p>Asimismo, indic\u00f3 que viajar\u00e1 junto con el embajador de Colombia en EE.UU., Daniel Garc\u00eda-Pe\u00f1a, a la ciudad de Washington \u00aben los pr\u00f3ximos d\u00edas para sostener reuniones de alto nivel que den seguimiento a los acuerdos, resultados del trabajo conjunto, que llev\u00f3 al intercambio de notas diplom\u00e1ticas entre los dos gobiernos\u00bb.<\/p>\n\n\n\n<p><strong>DI\u00c1LOGO ABIERTO<\/strong><br>El canciller subray\u00f3 que \u00abel Gobierno de Colombia, bajo la directriz del presidente Gustavo Petro, tiene dispuesto el avi\u00f3n presidencial para facilitar el retorno de los connacionales que iban a llegar hoy al pa\u00eds en las horas de la ma\u00f1ana en vuelos de deportaci\u00f3n\u00bb.<\/p>\n\n\n\n<p>Adem\u00e1s, confirm\u00f3 que \u00abse mantendr\u00e1n los canales diplom\u00e1ticos de interlocuci\u00f3n para garantizar los derechos, el inter\u00e9s nacional y la dignidad\u00bb de los ciudadanos colombianos.<\/p>\n\n\n\n<p>A su vez, la Casa Blanca tambi\u00e9n indic\u00f3 en un comunicado que Colombia acord\u00f3 \u00abaceptar sin restricciones a todos los extranjeros ilegales colombianos que regresen desde Estados Unidos, incluso en aviones militares estadounidenses, sin limitaciones ni demoras\u00bb, agregando que \u00ablos acontecimientos de hoy dejan claro al mundo que Estados Unidos vuelve a ser respetado\u00bb.<\/p>\n\n\n\n<p>Seg\u00fan el pronunciamiento, \u00abel presidente Donald Trump seguir\u00e1 protegiendo ferozmente la soberan\u00eda de nuestra naci\u00f3n y espera que todas las dem\u00e1s naciones del mundo cooperen plenamente para aceptar la deportaci\u00f3n de sus ciudadanos presentes ilegalmente en Estados Unidos\u00bb.<br><strong><em>ET \/ Agencias<\/em><\/strong><\/p>\n","protected":false},"excerpt":{"rendered":"<p>ENTRE TORMENTAS. El Gobierno de Colombia ha confirmado este domingo que ha superado \u00abel impase\u00bb&#8230;<\/p>\n","protected":false},"author":2,"featured_media":12874,"comment_status":"closed","ping_status":"open","sticky":false,"template":"","format":"standard","meta":{"footnotes":""},"categories":[56,48],"tags":[],"class_list":["post-12873","post","type-post","status-publish","format-standard","has-post-thumbnail","hentry","category-destacadas","category-internacionales"],"_links":{"self":[{"href":"https:\/\/entretormentas.com\/index.php?rest_route=\/wp\/v2\/posts\/12873","targetHints":{"allow":["GET"]}}],"collection":[{"href":"https:\/\/entretormentas.com\/index.php?rest_route=\/wp\/v2\/posts"}],"about":[{"href":"https:\/\/entretormentas.com\/index.php?rest_route=\/wp\/v2\/types\/post"}],"author":[{"embeddable":true,"href":"https:\/\/entretormentas.com\/index.php?rest_route=\/wp\/v2\/users\/2"}],"replies":[{"embeddable":true,"href":"https:\/\/entretormentas.com\/index.php?rest_route=%2Fwp%2Fv2%2Fcomments&post=12873"}],"version-history":[{"count":1,"href":"https:\/\/entretormentas.com\/index.php?rest_route=\/wp\/v2\/posts\/12873\/revisions"}],"predecessor-version":[{"id":12875,"href":"https:\/\/entretormentas.com\/index.php?rest_route=\/wp\/v2\/posts\/12873\/revisions\/12875"}],"wp:featuredmedia":[{"embeddable":true,"href":"https:\/\/entretormentas.com\/index.php?rest_route=\/wp\/v2\/media\/12874"}],"wp:attachment":[{"href":"https:\/\/entretormentas.com\/index.php?rest_route=%2Fwp%2Fv2%2Fmedia&parent=12873"}],"wp:term":[{"taxonomy":"category","embeddable":true,"href":"https:\/\/entretormentas.com\/index.php?rest_route=%2Fwp%2Fv2%2Fcategories&post=12873"},{"taxonomy":"post_tag","embeddable":true,"href":"https:\/\/entretormentas.com\/index.php?rest_route=%2Fwp%2Fv2%2Ftags&post=12873"}],"curies":[{"name":"wp","href":"https:\/\/api.w.org\/{rel}","templated":true}]}}