{"id":12888,"date":"2025-01-28T09:45:40","date_gmt":"2025-01-28T08:45:40","guid":{"rendered":"https:\/\/entretormentas.com\/?p=12888"},"modified":"2025-01-28T09:45:40","modified_gmt":"2025-01-28T08:45:40","slug":"de-la-mano-de-la-alcaldia-de-maracaibo-arranca-impermeabilizacion-de-los-bloques-2-y-9-de-pomona","status":"publish","type":"post","link":"https:\/\/entretormentas.com\/de-la-mano-de-la-alcaldia-de-maracaibo-arranca-impermeabilizacion-de-los-bloques-2-y-9-de-pomona\/","title":{"rendered":"\u00a1DE LA MANO DE LA ALCALD\u00cdA DE MARACAIBO! Arranca impermeabilizaci\u00f3n de los bloques 2 y 9 de Pomona"},"content":{"rendered":"\n<p><strong>ENTRE TORMENTAS.<\/strong> El programa Maracaibo Resuelve tu Techo desarrollado por la Alcald\u00eda de Maracaibo a trav\u00e9s del Instituto Municipal de la Vivienda (IVIMA) arranc\u00f3 la impermeabilizaci\u00f3n de los bloques 2 y 9 de los bloques de Pomona ubicados en la parroquia Cristo de Aranza. Estos edificios se sumar\u00e1n a los otros 27, cuya impermeabilizaci\u00f3n ya ha sido entregada desde la creaci\u00f3n del programa.<\/p>\n\n\n\n<p>Adri\u00e1n Romero Mart\u00ednez, alcalde encargado de Maracaibo, inform\u00f3 que estas dos edificaciones son intervenidas gracias al trabajo mancomunado con la empresa privada que hizo la donaci\u00f3n del material cumpliendo con su responsabilidad social y el Instituto Municipal de la Vivienda (IVIMA) que dispondr\u00e1 de la mano de obra que ejecutar\u00e1 los trabajos.<\/p>\n\n\n\n<p>\u201cEste es el resultado de un esfuerzo conjunto entre la Alcald\u00eda, a trav\u00e9s del Instituto de la Vivienda, el sector privado y los residentes de estas viviendas, que gracias a su compromiso con el pago de los servicios municipales, nos permite a nosotros la realizaci\u00f3n de obras como esta. Cuando llegue la temporada de lluvias, las torres 2 y 9 enfrentar\u00e1n un problema menos\u201d, se\u00f1al\u00f3 Romero Mart\u00ednez.<\/p>\n\n\n\n<p>Hugo Morales, presidente del IVIMA, mencion\u00f3 que la obra permitir\u00e1 la recuperaci\u00f3n de alrededor de 600 metros de azotea para beneficio de 42 apartamentos y tendr\u00e1 un tiempo de ejecuci\u00f3n de dos semanas aproximadamente. \u201cEstos trabajos son los primeros que iniciamos en este a\u00f1o 2025. Gracias a la colaboraci\u00f3n entre el IVIMA y el sector privado, estamos respondiendo a las necesidades de m\u00e1s de 100 vecinos que hab\u00edan estado esperando esta soluci\u00f3n\u201d.<\/p>\n\n\n\n<p>Miguel Urdaneta, residente de 18 a\u00f1os del bloque 2, record\u00f3 que en meses pasados su vivienda se vio afectada por el estado del techo: \u00abPasamos momentos dif\u00edciles por la lluvia, aunque vivo en el primer piso el agua se filtra y todo el bloque se inunda. De verdad que me siento muy contento, ya que, claro, vivo aqu\u00ed desde peque\u00f1o y mi pap\u00e1 tambi\u00e9n vivi\u00f3 aqu\u00ed toda su la vida y ha sido nuestra casa de crianza. Me contenta bastante este apoyo que la Alcald\u00eda nos est\u00e1 brindando\u201d.<\/p>\n\n\n\n<figure class=\"wp-block-image size-large\"><img fetchpriority=\"high\" decoding=\"async\" width=\"576\" height=\"1024\" src=\"https:\/\/entretormentas.com\/wp-content\/uploads\/2025\/01\/image-477-576x1024.png\" alt=\"\" class=\"wp-image-12890\" srcset=\"https:\/\/entretormentas.com\/wp-content\/uploads\/2025\/01\/image-477-576x1024.png 576w, https:\/\/entretormentas.com\/wp-content\/uploads\/2025\/01\/image-477-169x300.png 169w, https:\/\/entretormentas.com\/wp-content\/uploads\/2025\/01\/image-477-768x1365.png 768w, https:\/\/entretormentas.com\/wp-content\/uploads\/2025\/01\/image-477-864x1536.png 864w, https:\/\/entretormentas.com\/wp-content\/uploads\/2025\/01\/image-477-1152x2048.png 1152w, https:\/\/entretormentas.com\/wp-content\/uploads\/2025\/01\/image-477-1024x1820.png 1024w, https:\/\/entretormentas.com\/wp-content\/uploads\/2025\/01\/image-477.png 1440w\" sizes=\"(max-width: 576px) 100vw, 576px\" \/><\/figure>\n\n\n\n<p>Por su parte, Lizeth M\u00e9ndez, asesora inmobiliaria de 41 a\u00f1os, se\u00f1ala que en los 20 a\u00f1os que tiene viviendo en los bloques residenciales los edificios nunca han recibido mantenimiento. \u201cNos sentimos muy contentos porque esto es un logro entre todos los vecinos, gracias a que pagamos nuestros impuestos municipales. Retomamos esa costumbre y hoy en d\u00eda estamos al d\u00eda con el DARU como comunidades organizadas\u00bb.<\/p>\n\n\n\n<p><strong>VAN 27 EDIFICIOS ATENDIDOS<\/strong><\/p>\n\n\n\n<ul class=\"wp-block-list\">\n<li>Los bloques 2, 6, 13 y 16 del conjunto residencial Zapara I.<\/li>\n\n\n\n<li>Cinco edificios de Gallo Verde.<\/li>\n\n\n\n<li>Las torres Pino Moro 4, Pino Slash 3, Pino Banks 2 y Pino Banks 1 de residencias El Pinar.<\/li>\n\n\n\n<li>Torre Matur\u00edn de las Torres del Saladillo.<\/li>\n\n\n\n<li>Edificio El Pino del conjunto residencial El Tr\u00e9bol.<\/li>\n\n\n\n<li>Las torres Santa Mar\u00eda, San Gabriel, Constanza y Cristina del conjunto residencial Isla Dorada.<\/li>\n\n\n\n<li>Edificio Neptuno<\/li>\n\n\n\n<li>Edificio Higuerote del Conjunto Residencial Vista Bella.<\/li>\n\n\n\n<li>Edificio Rio Onia.<\/li>\n\n\n\n<li>Edificio Chicuramay.<\/li>\n\n\n\n<li>El Pao, El Guayabo, Capat\u00e1rida y Barbacoa del conjunto residencial Ciudadela Far\u00eda.<br><strong><em>ET \/ DCI Alcald\u00eda de Maracaibo<\/em><\/strong><\/li>\n<\/ul>\n","protected":false},"excerpt":{"rendered":"<p>ENTRE TORMENTAS. El programa Maracaibo Resuelve tu Techo desarrollado por la Alcald\u00eda de Maracaibo a&#8230;<\/p>\n","protected":false},"author":2,"featured_media":12889,"comment_status":"closed","ping_status":"open","sticky":false,"template":"","format":"standard","meta":{"footnotes":""},"categories":[57,1],"tags":[],"class_list":["post-12888","post","type-post","status-publish","format-standard","has-post-thumbnail","hentry","category-actualidad","category-regionales"],"_links":{"self":[{"href":"https:\/\/entretormentas.com\/index.php?rest_route=\/wp\/v2\/posts\/12888","targetHints":{"allow":["GET"]}}],"collection":[{"href":"https:\/\/entretormentas.com\/index.php?rest_route=\/wp\/v2\/posts"}],"about":[{"href":"https:\/\/entretormentas.com\/index.php?rest_route=\/wp\/v2\/types\/post"}],"author":[{"embeddable":true,"href":"https:\/\/entretormentas.com\/index.php?rest_route=\/wp\/v2\/users\/2"}],"replies":[{"embeddable":true,"href":"https:\/\/entretormentas.com\/index.php?rest_route=%2Fwp%2Fv2%2Fcomments&post=12888"}],"version-history":[{"count":1,"href":"https:\/\/entretormentas.com\/index.php?rest_route=\/wp\/v2\/posts\/12888\/revisions"}],"predecessor-version":[{"id":12891,"href":"https:\/\/entretormentas.com\/index.php?rest_route=\/wp\/v2\/posts\/12888\/revisions\/12891"}],"wp:featuredmedia":[{"embeddable":true,"href":"https:\/\/entretormentas.com\/index.php?rest_route=\/wp\/v2\/media\/12889"}],"wp:attachment":[{"href":"https:\/\/entretormentas.com\/index.php?rest_route=%2Fwp%2Fv2%2Fmedia&parent=12888"}],"wp:term":[{"taxonomy":"category","embeddable":true,"href":"https:\/\/entretormentas.com\/index.php?rest_route=%2Fwp%2Fv2%2Fcategories&post=12888"},{"taxonomy":"post_tag","embeddable":true,"href":"https:\/\/entretormentas.com\/index.php?rest_route=%2Fwp%2Fv2%2Ftags&post=12888"}],"curies":[{"name":"wp","href":"https:\/\/api.w.org\/{rel}","templated":true}]}}