{"id":12895,"date":"2025-01-28T09:50:49","date_gmt":"2025-01-28T08:50:49","guid":{"rendered":"https:\/\/entretormentas.com\/?p=12895"},"modified":"2025-01-28T09:50:49","modified_gmt":"2025-01-28T08:50:49","slug":"recuperando-espacios-alcaldia-instala-nuevas-luminarias-en-la-plaza-bolivar-de-san-francisco","status":"publish","type":"post","link":"https:\/\/entretormentas.com\/recuperando-espacios-alcaldia-instala-nuevas-luminarias-en-la-plaza-bolivar-de-san-francisco\/","title":{"rendered":"\u00a1RECUPERANDO ESPACIOS! Alcald\u00eda instala nuevas luminarias en la Plaza Bol\u00edvar de San Francisco"},"content":{"rendered":"\n<p><strong>ENTRE TORMENTAS. <\/strong>El alcalde Gustavo Fern\u00e1ndez, a trav\u00e9s de la gerencia de Operaciones y la direcci\u00f3n de Servicios P\u00fablicos, instal\u00f3 110 nuevas luminarias LED, tipo vela de 50 watts en la Plaza Bol\u00edvar de San Francisco, en el marco de la celebraci\u00f3n del trig\u00e9simo aniversario de la creaci\u00f3n del municipio.<\/p>\n\n\n\n<p>Omar Aizpurua, director de Servicios P\u00fablicos, inform\u00f3 que los trabajos contemplaron la adecuacion del sistema el\u00e9ctrico, caja de control para el encendido y apagado autom\u00e1tico, contactor, foto celda, supervisor y un breker principal para proteger el sistema.<\/p>\n\n\n\n<figure class=\"wp-block-image size-large\"><img fetchpriority=\"high\" decoding=\"async\" width=\"1024\" height=\"576\" src=\"https:\/\/entretormentas.com\/wp-content\/uploads\/2025\/01\/image-480-1024x576.png\" alt=\"\" class=\"wp-image-12897\" srcset=\"https:\/\/entretormentas.com\/wp-content\/uploads\/2025\/01\/image-480-1024x576.png 1024w, https:\/\/entretormentas.com\/wp-content\/uploads\/2025\/01\/image-480-300x169.png 300w, https:\/\/entretormentas.com\/wp-content\/uploads\/2025\/01\/image-480-768x432.png 768w, https:\/\/entretormentas.com\/wp-content\/uploads\/2025\/01\/image-480.png 1280w\" sizes=\"(max-width: 1024px) 100vw, 1024px\" \/><\/figure>\n\n\n\n<p>Agreg\u00f3 que un total de 28 trabajadores se abocaron a estas labores de mantenimiento correctivo, siendo objeto de una significativa mejora en su iluminaci\u00f3n que transforma el ambiente de este emblem\u00e1tico espacio p\u00fablico, brindando seguridad y mayor visibilidad para disfrute de propios y visitantes.<\/p>\n\n\n\n<p>Dijo adem\u00e1s que con esta iniciativa no solo se realza la belleza arquitect\u00f3nica de la Plaza Bol\u00edvar, sino tambi\u00e9n contribuye con el uso eficiente de la energ\u00eda, mediante la implementaci\u00f3n de bombillos ahorradores.<\/p>\n\n\n\n<p>El mandatario municipal contin\u00faa haciendo grandes esfuerzos para brindar a los ciudadanos espacios limpios, iluminados, acogedores y funcionales, destinados para la distracci\u00f3n, esparcimiento y pr\u00e1ctica de deportes de ni\u00f1os, j\u00f3venes y adultos.<br><strong><em>ET \/ Alcald\u00eda de San Francisco<\/em><\/strong><\/p>\n","protected":false},"excerpt":{"rendered":"<p>ENTRE TORMENTAS. El alcalde Gustavo Fern\u00e1ndez, a trav\u00e9s de la gerencia de Operaciones y la&#8230;<\/p>\n","protected":false},"author":2,"featured_media":12896,"comment_status":"closed","ping_status":"open","sticky":false,"template":"","format":"standard","meta":{"footnotes":""},"categories":[57,1],"tags":[],"class_list":["post-12895","post","type-post","status-publish","format-standard","has-post-thumbnail","hentry","category-actualidad","category-regionales"],"_links":{"self":[{"href":"https:\/\/entretormentas.com\/index.php?rest_route=\/wp\/v2\/posts\/12895","targetHints":{"allow":["GET"]}}],"collection":[{"href":"https:\/\/entretormentas.com\/index.php?rest_route=\/wp\/v2\/posts"}],"about":[{"href":"https:\/\/entretormentas.com\/index.php?rest_route=\/wp\/v2\/types\/post"}],"author":[{"embeddable":true,"href":"https:\/\/entretormentas.com\/index.php?rest_route=\/wp\/v2\/users\/2"}],"replies":[{"embeddable":true,"href":"https:\/\/entretormentas.com\/index.php?rest_route=%2Fwp%2Fv2%2Fcomments&post=12895"}],"version-history":[{"count":1,"href":"https:\/\/entretormentas.com\/index.php?rest_route=\/wp\/v2\/posts\/12895\/revisions"}],"predecessor-version":[{"id":12898,"href":"https:\/\/entretormentas.com\/index.php?rest_route=\/wp\/v2\/posts\/12895\/revisions\/12898"}],"wp:featuredmedia":[{"embeddable":true,"href":"https:\/\/entretormentas.com\/index.php?rest_route=\/wp\/v2\/media\/12896"}],"wp:attachment":[{"href":"https:\/\/entretormentas.com\/index.php?rest_route=%2Fwp%2Fv2%2Fmedia&parent=12895"}],"wp:term":[{"taxonomy":"category","embeddable":true,"href":"https:\/\/entretormentas.com\/index.php?rest_route=%2Fwp%2Fv2%2Fcategories&post=12895"},{"taxonomy":"post_tag","embeddable":true,"href":"https:\/\/entretormentas.com\/index.php?rest_route=%2Fwp%2Fv2%2Ftags&post=12895"}],"curies":[{"name":"wp","href":"https:\/\/api.w.org\/{rel}","templated":true}]}}