{"id":12899,"date":"2025-01-28T09:52:53","date_gmt":"2025-01-28T08:52:53","guid":{"rendered":"https:\/\/entretormentas.com\/?p=12899"},"modified":"2025-01-28T09:52:53","modified_gmt":"2025-01-28T08:52:53","slug":"jornada-medica-integral-gobernacion-atiende-a-470-profesores-activos-y-jubilados-de-luz","status":"publish","type":"post","link":"https:\/\/entretormentas.com\/jornada-medica-integral-gobernacion-atiende-a-470-profesores-activos-y-jubilados-de-luz\/","title":{"rendered":"\u00a1JORNADA M\u00c9DICA INTEGRAL! Gobernaci\u00f3n atiende a 470 profesores activos y jubilados de LUZ"},"content":{"rendered":"\n<p><strong>ENTRE TORMENTAS.<\/strong> La Gobernaci\u00f3n del Zulia junto con la direcci\u00f3n de Programas, realiz\u00f3 una jornada medica integral donde se beneficiaron unos 470 profesores activos y jubilados de la emblem\u00e1tica Universidad del Zulia.<\/p>\n\n\n\n<p>Dicha actividad ofreci\u00f3 consultas de diferentes especialidades, tales como medicina general, medicina interna, ginecolog\u00eda, pediatr\u00eda, oftalmolog\u00eda, gastroenterolog\u00eda, odontolog\u00eda y nutrici\u00f3n.<\/p>\n\n\n\n<p>Adem\u00e1s, desde las 8.00 de la ma\u00f1ana de este lunes 27 de enero, los jubilados y activos podr\u00edan asistir a la sede Caproluz para realizarse revisiones, inmunizaci\u00f3n y desparasitaci\u00f3n. Por su parte, la Dr. Dora Colmenares, directora de programas detall\u00f3 que, la jornada tambi\u00e9n conto con servicios de citolog\u00eda vaginal, tomas de muestras para ex\u00e1menes de sangre, vacunaci\u00f3n y entrega de medicamentos gratuitos.<\/p>\n\n\n\n<p>El personal activo y jubilado de la Universidad del Zulia, agradeci\u00f3 la iniciativa del Gobernador Manuel Rosales Guerrero, quien contin\u00faa ofreciendo actividades y jornadas que beneficien a la comunidad zuliana.<\/p>\n\n\n\n<p>Esta jornada gratuita de atenci\u00f3n integral y promoci\u00f3n de la salud dirigida para el personal docente de esta prestigiosa casa de estudio, forma parte del progreso que la Gobernaci\u00f3n del Zulia continua construyendo para los habitantes de la regi\u00f3n.<br><strong><em>ET \/ Nota de Prensa<\/em><\/strong><\/p>\n","protected":false},"excerpt":{"rendered":"<p>ENTRE TORMENTAS. La Gobernaci\u00f3n del Zulia junto con la direcci\u00f3n de Programas, realiz\u00f3 una jornada&#8230;<\/p>\n","protected":false},"author":2,"featured_media":12900,"comment_status":"closed","ping_status":"open","sticky":false,"template":"","format":"standard","meta":{"footnotes":""},"categories":[57,1],"tags":[],"class_list":["post-12899","post","type-post","status-publish","format-standard","has-post-thumbnail","hentry","category-actualidad","category-regionales"],"_links":{"self":[{"href":"https:\/\/entretormentas.com\/index.php?rest_route=\/wp\/v2\/posts\/12899","targetHints":{"allow":["GET"]}}],"collection":[{"href":"https:\/\/entretormentas.com\/index.php?rest_route=\/wp\/v2\/posts"}],"about":[{"href":"https:\/\/entretormentas.com\/index.php?rest_route=\/wp\/v2\/types\/post"}],"author":[{"embeddable":true,"href":"https:\/\/entretormentas.com\/index.php?rest_route=\/wp\/v2\/users\/2"}],"replies":[{"embeddable":true,"href":"https:\/\/entretormentas.com\/index.php?rest_route=%2Fwp%2Fv2%2Fcomments&post=12899"}],"version-history":[{"count":1,"href":"https:\/\/entretormentas.com\/index.php?rest_route=\/wp\/v2\/posts\/12899\/revisions"}],"predecessor-version":[{"id":12901,"href":"https:\/\/entretormentas.com\/index.php?rest_route=\/wp\/v2\/posts\/12899\/revisions\/12901"}],"wp:featuredmedia":[{"embeddable":true,"href":"https:\/\/entretormentas.com\/index.php?rest_route=\/wp\/v2\/media\/12900"}],"wp:attachment":[{"href":"https:\/\/entretormentas.com\/index.php?rest_route=%2Fwp%2Fv2%2Fmedia&parent=12899"}],"wp:term":[{"taxonomy":"category","embeddable":true,"href":"https:\/\/entretormentas.com\/index.php?rest_route=%2Fwp%2Fv2%2Fcategories&post=12899"},{"taxonomy":"post_tag","embeddable":true,"href":"https:\/\/entretormentas.com\/index.php?rest_route=%2Fwp%2Fv2%2Ftags&post=12899"}],"curies":[{"name":"wp","href":"https:\/\/api.w.org\/{rel}","templated":true}]}}