{"id":12902,"date":"2025-01-29T07:05:10","date_gmt":"2025-01-29T06:05:10","guid":{"rendered":"https:\/\/entretormentas.com\/?p=12902"},"modified":"2025-01-29T07:05:10","modified_gmt":"2025-01-29T06:05:10","slug":"a-casa-llena-biblioteca-publica-del-zulia-celebra-la-zulianidad-con-una-conferencia-especial","status":"publish","type":"post","link":"https:\/\/entretormentas.com\/a-casa-llena-biblioteca-publica-del-zulia-celebra-la-zulianidad-con-una-conferencia-especial\/","title":{"rendered":"\u00a1A CASA LLENA! Biblioteca P\u00fablica del Zulia celebra la Zulianidad con una conferencia especial"},"content":{"rendered":"\n<p><strong>ENTRE TORMENTAS. <\/strong>La Biblioteca P\u00fablica del Estado Zulia, Mar\u00eda Calca\u00f1o, llev\u00f3 a cabo este lunes 27 de enero una conferencia especial en honor a la zulianidad, impartida por el Dr. Carlos Balbuena, destacado antrop\u00f3logo y profesor de la Universidad del Zulia (LUZ), junto al Dr. Jes\u00fas Sempr\u00fan, director del acervo hist\u00f3rico del Zulia.<\/p>\n\n\n\n<p>El evento tuvo lugar en la sala de usos m\u00faltiples de la Biblioteca y cont\u00f3 con la participaci\u00f3n de estudiantes de la U.E.P. Batalla de Araure, de la Parroquia Francisco Ochoa, y de la U.E.P. Santa Ana de Jes\u00fas, del Municipio San Francisco. Durante la conferencia, los expertos se centraron en explicar el origen y significado de esta conmemoraci\u00f3n, as\u00ed como en disertar sobre los elementos fundamentales que conforman la identidad zuliana.<\/p>\n\n\n\n<figure class=\"wp-block-image size-large\"><img fetchpriority=\"high\" decoding=\"async\" width=\"1024\" height=\"768\" src=\"https:\/\/entretormentas.com\/wp-content\/uploads\/2025\/01\/image-483-1024x768.png\" alt=\"\" class=\"wp-image-12904\" srcset=\"https:\/\/entretormentas.com\/wp-content\/uploads\/2025\/01\/image-483-1024x768.png 1024w, https:\/\/entretormentas.com\/wp-content\/uploads\/2025\/01\/image-483-300x225.png 300w, https:\/\/entretormentas.com\/wp-content\/uploads\/2025\/01\/image-483-768x576.png 768w, https:\/\/entretormentas.com\/wp-content\/uploads\/2025\/01\/image-483-1536x1152.png 1536w, https:\/\/entretormentas.com\/wp-content\/uploads\/2025\/01\/image-483-2048x1536.png 2048w\" sizes=\"(max-width: 1024px) 100vw, 1024px\" \/><\/figure>\n\n\n\n<p>La Dra. Ixora G\u00f3mez, presidenta de la Biblioteca P\u00fablica del Zulia, destac\u00f3 la importancia de estas actividades para fomentar el conocimiento y el sentido de pertenencia hacia la regi\u00f3n. Con el apoyo del gobernador Manuel Rosales, la instituci\u00f3n contin\u00faa su labor de ser un epicentro cultural que nutre a la comunidad Marabina y promueve el orgullo por su rica herencia cultural.<\/p>\n\n\n\n<p>El arduo trabajo del Gobernador del estado Zulia, Manuel Rosales Guerrero, junto con la Biblioteca P\u00fablica del Estado Zulia, ha sido fundamental en el impulso del progreso de la regi\u00f3n. Gracias a su compromiso con la cultura y la educaci\u00f3n, se han creado espacios que fomentan el aprendizaje y la identidad zuliana, fortaleciendo as\u00ed el tejido social y cultural del estado. Esta colaboraci\u00f3n no solo enriquece a las nuevas generaciones, sino que tambi\u00e9n sienta las bases para un futuro prometedor en el que el Zulia brilla con su propia luz y legado.<br><strong><em>ET \/ Nota de Prensa<\/em><\/strong><\/p>\n","protected":false},"excerpt":{"rendered":"<p>ENTRE TORMENTAS. La Biblioteca P\u00fablica del Estado Zulia, Mar\u00eda Calca\u00f1o, llev\u00f3 a cabo este lunes&#8230;<\/p>\n","protected":false},"author":2,"featured_media":12903,"comment_status":"closed","ping_status":"open","sticky":false,"template":"","format":"standard","meta":{"footnotes":""},"categories":[1],"tags":[],"class_list":["post-12902","post","type-post","status-publish","format-standard","has-post-thumbnail","hentry","category-regionales"],"_links":{"self":[{"href":"https:\/\/entretormentas.com\/index.php?rest_route=\/wp\/v2\/posts\/12902","targetHints":{"allow":["GET"]}}],"collection":[{"href":"https:\/\/entretormentas.com\/index.php?rest_route=\/wp\/v2\/posts"}],"about":[{"href":"https:\/\/entretormentas.com\/index.php?rest_route=\/wp\/v2\/types\/post"}],"author":[{"embeddable":true,"href":"https:\/\/entretormentas.com\/index.php?rest_route=\/wp\/v2\/users\/2"}],"replies":[{"embeddable":true,"href":"https:\/\/entretormentas.com\/index.php?rest_route=%2Fwp%2Fv2%2Fcomments&post=12902"}],"version-history":[{"count":1,"href":"https:\/\/entretormentas.com\/index.php?rest_route=\/wp\/v2\/posts\/12902\/revisions"}],"predecessor-version":[{"id":12905,"href":"https:\/\/entretormentas.com\/index.php?rest_route=\/wp\/v2\/posts\/12902\/revisions\/12905"}],"wp:featuredmedia":[{"embeddable":true,"href":"https:\/\/entretormentas.com\/index.php?rest_route=\/wp\/v2\/media\/12903"}],"wp:attachment":[{"href":"https:\/\/entretormentas.com\/index.php?rest_route=%2Fwp%2Fv2%2Fmedia&parent=12902"}],"wp:term":[{"taxonomy":"category","embeddable":true,"href":"https:\/\/entretormentas.com\/index.php?rest_route=%2Fwp%2Fv2%2Fcategories&post=12902"},{"taxonomy":"post_tag","embeddable":true,"href":"https:\/\/entretormentas.com\/index.php?rest_route=%2Fwp%2Fv2%2Ftags&post=12902"}],"curies":[{"name":"wp","href":"https:\/\/api.w.org\/{rel}","templated":true}]}}