{"id":12911,"date":"2025-01-29T07:14:34","date_gmt":"2025-01-29T06:14:34","guid":{"rendered":"https:\/\/entretormentas.com\/?p=12911"},"modified":"2025-01-29T07:14:34","modified_gmt":"2025-01-29T06:14:34","slug":"alcaldia-activa-avanza-mejoramiento-del-cementerio-municipal-san-francisco-de-asis","status":"publish","type":"post","link":"https:\/\/entretormentas.com\/alcaldia-activa-avanza-mejoramiento-del-cementerio-municipal-san-francisco-de-asis\/","title":{"rendered":"\u00a1ALCALD\u00cdA ACTIVA! Avanza mejoramiento del Cementerio Municipal San Francisco de As\u00eds"},"content":{"rendered":"\n<p><strong>ENTRE TORMENTAS.<\/strong>\u00a0En las instalaciones del Cementerio Municipal San Francisco de As\u00eds, contin\u00faa la ejecuci\u00f3n de los trabajos de mejoramiento de este camposanto, que se iniciaron, desde el a\u00f1o pasado, siguiendo las directrices del alcalde Gustavo Fern\u00e1ndez, a trav\u00e9s de la Gerencia de Desarrollo Social y Participaci\u00f3n Ciudadana.\u00a0<\/p>\n\n\n\n<p>En un par de d\u00edas se lograron avances significativos en lo que respecta a desmalezamiento, corte y nivelaciones para el replanteo de los terrenos que van a permitir darle continuidad a la prestaci\u00f3n del servicio con la asignaci\u00f3n de los espacios para la construcci\u00f3n de b\u00f3vedas para los difuntos.\u00a0<br>\u00a0<\/p>\n\n\n\n<figure class=\"wp-block-image size-large\"><img fetchpriority=\"high\" decoding=\"async\" width=\"1024\" height=\"768\" src=\"https:\/\/entretormentas.com\/wp-content\/uploads\/2025\/01\/image-490-1024x768.png\" alt=\"\" class=\"wp-image-12915\" srcset=\"https:\/\/entretormentas.com\/wp-content\/uploads\/2025\/01\/image-490-1024x768.png 1024w, https:\/\/entretormentas.com\/wp-content\/uploads\/2025\/01\/image-490-300x225.png 300w, https:\/\/entretormentas.com\/wp-content\/uploads\/2025\/01\/image-490-768x576.png 768w, https:\/\/entretormentas.com\/wp-content\/uploads\/2025\/01\/image-490.png 1280w\" sizes=\"(max-width: 1024px) 100vw, 1024px\" \/><\/figure>\n\n\n\n<p><br>William Fuenmayor, director de Cementerios Municipales, destac\u00f3 la importancia de estas labores para mejorar la infraestructura del camposanto y garantizar un servicio digno a la comunidad. \u201cEstamos comprometidos con ofrecer un espacio adecuado y respetuoso para nuestros seres queridos que han partido\u201d, afirm\u00f3 Fuenmayor.\u00a0<br>\u00a0<br>Los trabajos que se est\u00e1n llevando a cabo incluyen varias etapas fundamentales, seg\u00fan inform\u00f3 Fuenmayor, como la eliminaci\u00f3n de vegetaci\u00f3n no deseada que obstaculiza el acceso y la visibilidad dentro del cementerio. Esta acci\u00f3n no solo mejora la est\u00e9tica del lugar, sino que tambi\u00e9n ayuda al mantenimiento del \u00e1rea.\u00a0<br>\u00a0<br>Otro trabajo que adelantan es el corte y nivelaci\u00f3n del terreno para conocer las \u00e1reas que requieren ajustes. As\u00ed como el replanteo de terrenos, proceso que implica la planificaci\u00f3n y organizaci\u00f3n de los espacios destinados a la construcci\u00f3n de b\u00f3vedas. La correcta distribuci\u00f3n de estos espacios es crucial para asegurar que se puedan asignar de manera efectiva y eficiente.\u00a0<br>\u00a0<\/p>\n\n\n\n<figure class=\"wp-block-image size-full\"><img decoding=\"async\" width=\"1024\" height=\"768\" src=\"https:\/\/entretormentas.com\/wp-content\/uploads\/2025\/01\/image-491.png\" alt=\"\" class=\"wp-image-12916\" srcset=\"https:\/\/entretormentas.com\/wp-content\/uploads\/2025\/01\/image-491.png 1024w, https:\/\/entretormentas.com\/wp-content\/uploads\/2025\/01\/image-491-300x225.png 300w, https:\/\/entretormentas.com\/wp-content\/uploads\/2025\/01\/image-491-768x576.png 768w\" sizes=\"(max-width: 1024px) 100vw, 1024px\" \/><\/figure>\n\n\n\n<p><br>El alcalde Gustavo Fern\u00e1ndez ha reiterado su compromiso con la mejora de los servicios p\u00fablicos, con atenci\u00f3n en este camposanto que se encamina hacia una renovaci\u00f3n que beneficiar\u00e1 a toda la comunidad.\u00a0\u00a0<br>\u00a0<br>Estos esfuerzos tienen como objetivo no solo mejorar la infraestructura del Cementerio Municipal San Francisco de As\u00eds, sino tambi\u00e9n garantizar la continuidad en la prestaci\u00f3n del servicio, con la asignaci\u00f3n de espacios para la construcci\u00f3n de b\u00f3vedas que es una prioridad para el municipio.<br><strong><em>ET \/ Alcald\u00eda de San Francisco<\/em><\/strong><\/p>\n\n\n\n<p><\/p>\n","protected":false},"excerpt":{"rendered":"<p>ENTRE TORMENTAS.\u00a0En las instalaciones del Cementerio Municipal San Francisco de As\u00eds, contin\u00faa la ejecuci\u00f3n de&#8230;<\/p>\n","protected":false},"author":2,"featured_media":12912,"comment_status":"closed","ping_status":"open","sticky":false,"template":"","format":"standard","meta":{"footnotes":""},"categories":[57,1],"tags":[],"class_list":["post-12911","post","type-post","status-publish","format-standard","has-post-thumbnail","hentry","category-actualidad","category-regionales"],"_links":{"self":[{"href":"https:\/\/entretormentas.com\/index.php?rest_route=\/wp\/v2\/posts\/12911","targetHints":{"allow":["GET"]}}],"collection":[{"href":"https:\/\/entretormentas.com\/index.php?rest_route=\/wp\/v2\/posts"}],"about":[{"href":"https:\/\/entretormentas.com\/index.php?rest_route=\/wp\/v2\/types\/post"}],"author":[{"embeddable":true,"href":"https:\/\/entretormentas.com\/index.php?rest_route=\/wp\/v2\/users\/2"}],"replies":[{"embeddable":true,"href":"https:\/\/entretormentas.com\/index.php?rest_route=%2Fwp%2Fv2%2Fcomments&post=12911"}],"version-history":[{"count":1,"href":"https:\/\/entretormentas.com\/index.php?rest_route=\/wp\/v2\/posts\/12911\/revisions"}],"predecessor-version":[{"id":12917,"href":"https:\/\/entretormentas.com\/index.php?rest_route=\/wp\/v2\/posts\/12911\/revisions\/12917"}],"wp:featuredmedia":[{"embeddable":true,"href":"https:\/\/entretormentas.com\/index.php?rest_route=\/wp\/v2\/media\/12912"}],"wp:attachment":[{"href":"https:\/\/entretormentas.com\/index.php?rest_route=%2Fwp%2Fv2%2Fmedia&parent=12911"}],"wp:term":[{"taxonomy":"category","embeddable":true,"href":"https:\/\/entretormentas.com\/index.php?rest_route=%2Fwp%2Fv2%2Fcategories&post=12911"},{"taxonomy":"post_tag","embeddable":true,"href":"https:\/\/entretormentas.com\/index.php?rest_route=%2Fwp%2Fv2%2Ftags&post=12911"}],"curies":[{"name":"wp","href":"https:\/\/api.w.org\/{rel}","templated":true}]}}