{"id":12923,"date":"2025-01-29T07:23:03","date_gmt":"2025-01-29T06:23:03","guid":{"rendered":"https:\/\/entretormentas.com\/?p=12923"},"modified":"2025-01-29T07:23:03","modified_gmt":"2025-01-29T06:23:03","slug":"en-planteles-del-zulia-gobernador-rosales-aumenta-la-cobertura-del-programa-de-alimentacion-escolar","status":"publish","type":"post","link":"https:\/\/entretormentas.com\/en-planteles-del-zulia-gobernador-rosales-aumenta-la-cobertura-del-programa-de-alimentacion-escolar\/","title":{"rendered":"\u00a1EN PLANTELES DEL ZULIA! Gobernador Rosales aumenta la cobertura del Programa de Alimentaci\u00f3n Escolar"},"content":{"rendered":"\n<p><strong>ENTRE TORMENTAS. <\/strong>El gobernador del estado Zulia, Manuel Rosales, inici\u00f3 este lunes, 27 de enero, el Programa de Alimentaci\u00f3n Escolar en la U.E.E.I.B \u00abRicardo Sempr\u00fan\u00bb, ubicada en la parroquia \u00abIdelfonso V\u00e1squez\u00bb, el cual beneficiar\u00e1 a 478 ni\u00f1os y ni\u00f1as que reciben formaci\u00f3n acad\u00e9mica, cultural y deportiva en este espacio educativo.<\/p>\n\n\n\n<p>Puntualiz\u00f3 que a partir de hoy comienza el Programa de Alimentaci\u00f3n Escolar. \u00abUna escuela m\u00e1s que se suma en el Zulia. Con el apoyo del Programa de Alimentaci\u00f3n Mundial alcanzamos 234 escuelas en todo el estado. La idea es que todos los espacios educativos del Ejecutivo regional tengan su Programa de Alimentaci\u00f3n, que sean espacios vivos\u00bb.<\/p>\n\n\n\n<figure class=\"wp-block-image size-large\"><img fetchpriority=\"high\" decoding=\"async\" width=\"1024\" height=\"683\" src=\"https:\/\/entretormentas.com\/wp-content\/uploads\/2025\/01\/image-497-1024x683.png\" alt=\"\" class=\"wp-image-12926\" srcset=\"https:\/\/entretormentas.com\/wp-content\/uploads\/2025\/01\/image-497-1024x683.png 1024w, https:\/\/entretormentas.com\/wp-content\/uploads\/2025\/01\/image-497-300x200.png 300w, https:\/\/entretormentas.com\/wp-content\/uploads\/2025\/01\/image-497-768x512.png 768w, https:\/\/entretormentas.com\/wp-content\/uploads\/2025\/01\/image-497-1536x1025.png 1536w, https:\/\/entretormentas.com\/wp-content\/uploads\/2025\/01\/image-497-2048x1366.png 2048w\" sizes=\"(max-width: 1024px) 100vw, 1024px\" \/><\/figure>\n\n\n\n<p>Desde el barrio 4 de Abril, Rosales envi\u00f3 un afectuoso saludo a los residentes de esta importante parroquia de Maracaibo y de todo el Zulia. \u00abHoy es un d\u00eda muy especial\u00bb, recalc\u00f3, \u00abno solo porque iniciamos las actividades escolares, sino que, adem\u00e1s, inician las celebraciones de la Semana de la Zulianidad, que tiene que ver con nuestra historia, cultura, costumbres, genialidad; con todo lo que representa el Zulia como estado importante de Venezuela y culminar\u00e1n este 3 de febrero con la presentaci\u00f3n de la Memoria y Cuenta ante el Consejo Legislativo regional\u00bb.<\/p>\n\n\n\n<p>As\u00ed como el Zulia, esta escuela tambi\u00e9n tiene una historia. Rosales record\u00f3 que este era un centro alternativo. Era un grupo de alumnos y maestros debajo de un \u00e1rbol o de una enramada. \u00abYo vine aqu\u00ed, una enramada a plena sol y lluvia. Unos ni\u00f1os que quer\u00edan estudiar y educadores que quer\u00edan impartir clases. Dijimos entonces, esto ser\u00e1 una de las escuelas del estado Zulia y de inmediato comenzamos su construcci\u00f3n\u00bb.<\/p>\n\n\n\n<p>Enfatiz\u00f3 Rosales que la definici\u00f3n de su estructura es \u00fanica en Venezuela y en Latinoam\u00e9rica, as\u00ed, que esta escuela es expresi\u00f3n de la zulianidad. \u00abEste espacio no lo terminamos. Se venci\u00f3 mi segundo per\u00edodo. Vinieron otros, y como dice la Biblia: &#8216;Cay\u00f3 la polilla&#8217;. Uno peor que el otro y no terminaron esta escuela; la estructura llevaba otro nivel arriba y apenas construyeron dos o tres aulas. Tampoco concluyeron la negociaci\u00f3n para la adquisici\u00f3n del terreno para la cancha deportiva ni el patio central, para que los ni\u00f1os y maestros tuvieran un lugar de esparcimiento, Pero, gracias a Dios, se mantuvo en el tiempo\u00bb.<\/p>\n\n\n\n<p>El gobernador Rosales hizo un reconocimiento a los educadores y a la comunidad, porque a pesar del abandono y la destrucci\u00f3n que pas\u00f3 por el Zulia, se mantuvo esta escuela de pie, como tantas en nuestra regi\u00f3n. \u00abAc\u00e1 llegar\u00e1 el Programa Manos a la obra, porque esta tiene que ser una Escuela Zuliana de Avanzada. Tiene que convertirse en un Modelo Educativo y de infraestructura. Lo vamos a lograr\u00bb.<\/p>\n\n\n\n<figure class=\"wp-block-image size-large\"><img decoding=\"async\" width=\"1024\" height=\"682\" src=\"https:\/\/entretormentas.com\/wp-content\/uploads\/2025\/01\/image-496-1024x682.png\" alt=\"\" class=\"wp-image-12925\" srcset=\"https:\/\/entretormentas.com\/wp-content\/uploads\/2025\/01\/image-496-1024x682.png 1024w, https:\/\/entretormentas.com\/wp-content\/uploads\/2025\/01\/image-496-300x200.png 300w, https:\/\/entretormentas.com\/wp-content\/uploads\/2025\/01\/image-496-768x512.png 768w, https:\/\/entretormentas.com\/wp-content\/uploads\/2025\/01\/image-496-1536x1024.png 1536w, https:\/\/entretormentas.com\/wp-content\/uploads\/2025\/01\/image-496-2048x1365.png 2048w\" sizes=\"(max-width: 1024px) 100vw, 1024px\" \/><\/figure>\n\n\n\n<p>Anunci\u00f3 que esta escuela contar\u00e1 con el Programa Ambiental, as\u00ed como el Cultural, para desarrollar el canto, conjuntos gaiteros, poes\u00eda, danza, baile y declamaci\u00f3n, porque en esta escuela hay mucho talento. En ese sentido, el Gobernador entrego un equipo de sonido para la realizaci\u00f3n de actividades culturales. A esto se suman Palabras M\u00e1gicas, Rob\u00f3tica e Inteligencia Artificial. \u00abDe aqu\u00ed tienen que salir ni\u00f1os que se destaquen en estos dos campos\u201d. Otros programas son las Brigadas Ambientales y Escolares.<\/p>\n\n\n\n<p>Destac\u00f3 el Programa Deportivo, para la ense\u00f1anza del juego de damas y ajedrez, este \u00faltimo, en mayor dimensi\u00f3n, ense\u00f1a al ni\u00f1o a pensar, dise\u00f1ar estrategias, ponerse a un lado, retroceder, analizar las jugadas. \u201cEsa es la jugada. Esa es la vida. Uno tiene que tener una estrategia de vida, para crecer, avanzar. A veces uno tiene que retroceder, para poder avanzar, tomar impulso o echarse a un lado o avanzar con m\u00e1s celeridad\u201d. Tambi\u00e9n, se incluye el eje de Salud, para garantizar el buen estado de los ni\u00f1os con consultas, ex\u00e1menes m\u00e9dicos y Con Buenos Ojos.<br><strong><em>ET \/ Nota de Prensa<\/em><\/strong><\/p>\n","protected":false},"excerpt":{"rendered":"<p>ENTRE TORMENTAS. El gobernador del estado Zulia, Manuel Rosales, inici\u00f3 este lunes, 27 de enero,&#8230;<\/p>\n","protected":false},"author":2,"featured_media":12924,"comment_status":"closed","ping_status":"open","sticky":false,"template":"","format":"standard","meta":{"footnotes":""},"categories":[57,1],"tags":[],"class_list":["post-12923","post","type-post","status-publish","format-standard","has-post-thumbnail","hentry","category-actualidad","category-regionales"],"_links":{"self":[{"href":"https:\/\/entretormentas.com\/index.php?rest_route=\/wp\/v2\/posts\/12923","targetHints":{"allow":["GET"]}}],"collection":[{"href":"https:\/\/entretormentas.com\/index.php?rest_route=\/wp\/v2\/posts"}],"about":[{"href":"https:\/\/entretormentas.com\/index.php?rest_route=\/wp\/v2\/types\/post"}],"author":[{"embeddable":true,"href":"https:\/\/entretormentas.com\/index.php?rest_route=\/wp\/v2\/users\/2"}],"replies":[{"embeddable":true,"href":"https:\/\/entretormentas.com\/index.php?rest_route=%2Fwp%2Fv2%2Fcomments&post=12923"}],"version-history":[{"count":1,"href":"https:\/\/entretormentas.com\/index.php?rest_route=\/wp\/v2\/posts\/12923\/revisions"}],"predecessor-version":[{"id":12927,"href":"https:\/\/entretormentas.com\/index.php?rest_route=\/wp\/v2\/posts\/12923\/revisions\/12927"}],"wp:featuredmedia":[{"embeddable":true,"href":"https:\/\/entretormentas.com\/index.php?rest_route=\/wp\/v2\/media\/12924"}],"wp:attachment":[{"href":"https:\/\/entretormentas.com\/index.php?rest_route=%2Fwp%2Fv2%2Fmedia&parent=12923"}],"wp:term":[{"taxonomy":"category","embeddable":true,"href":"https:\/\/entretormentas.com\/index.php?rest_route=%2Fwp%2Fv2%2Fcategories&post=12923"},{"taxonomy":"post_tag","embeddable":true,"href":"https:\/\/entretormentas.com\/index.php?rest_route=%2Fwp%2Fv2%2Ftags&post=12923"}],"curies":[{"name":"wp","href":"https:\/\/api.w.org\/{rel}","templated":true}]}}