{"id":12928,"date":"2025-01-29T07:27:10","date_gmt":"2025-01-29T06:27:10","guid":{"rendered":"https:\/\/entretormentas.com\/?p=12928"},"modified":"2025-01-29T07:27:10","modified_gmt":"2025-01-29T06:27:10","slug":"en-polemica-sesion-concejo-municipal-de-maracaibo-reconoce-institucionalidad-y-a-maduro-como-presidente","status":"publish","type":"post","link":"https:\/\/entretormentas.com\/en-polemica-sesion-concejo-municipal-de-maracaibo-reconoce-institucionalidad-y-a-maduro-como-presidente\/","title":{"rendered":"\u00a1EN POL\u00c9MICA SESI\u00d3N! Concejo Municipal de Maracaibo reconoce institucionalidad y a Maduro como presidente"},"content":{"rendered":"\n<p><strong>ENTRE TORMENTAS. <\/strong>El Concejo Municipal de Maracaibo realiz\u00f3 este martes una sesi\u00f3n en la que aprob\u00f3 que reconocen a Nicol\u00e1s Maduro como presidente constitucional, a Manuel Rosales Guerrero como gobernador del Zulia, y a Adri\u00e1n Romero, como alcalde encargado de Maracaibo.<\/p>\n\n\n\n<p>As\u00ed lo hicieron en base a un proyecto de acuerdo en \u00abreconocimiento a las Instituciones del Estado y Reafirmaci\u00f3n de la Obligaci\u00f3n Constitucional del Poder Legislativo Municipal hacia las Autoridades e Instituciones Nacionales y Regionales\u00bb.<\/p>\n\n\n\n<p>En el documento de acuerdo se expresa que reconocen a Maduro \u00abcomo m\u00e1xima autoridad del Estado venezolano, en concordancia con los principios constitucionales de soberan\u00eda y unidad nacional\u00bb, algo que hacen considerando \u00abque en fecha 22 de agosto de 2024 el Tribunal Supremo de Justicia (TSJ) en la Sala Electoral administrando justicia en nombre de la rep\u00fablica y por autoridad de la Ley seg\u00fan sentencia N. 031, declar\u00f3 v\u00e1lido los resultados del m\u00e1ximo \u00f3rgano electoral proclamando al ciudadano Nicol\u00e1s Maduro Moros como presidente electo para el periodo constitucional 2025-2031\u00bb.<\/p>\n\n\n\n<p>El reconocimiento tambi\u00e9n fue dado a Manuel Rosales como gobernador del Zulia, \u00abcuya labor es fundamental para el desarrollo y bienestar de la poblaci\u00f3n zuliana\u00bb.<\/p>\n\n\n\n<figure class=\"wp-block-image size-large\"><img fetchpriority=\"high\" decoding=\"async\" width=\"1024\" height=\"768\" src=\"https:\/\/entretormentas.com\/wp-content\/uploads\/2025\/01\/image-499-1024x768.png\" alt=\"\" class=\"wp-image-12930\" srcset=\"https:\/\/entretormentas.com\/wp-content\/uploads\/2025\/01\/image-499-1024x768.png 1024w, https:\/\/entretormentas.com\/wp-content\/uploads\/2025\/01\/image-499-300x225.png 300w, https:\/\/entretormentas.com\/wp-content\/uploads\/2025\/01\/image-499-768x576.png 768w, https:\/\/entretormentas.com\/wp-content\/uploads\/2025\/01\/image-499.png 1280w\" sizes=\"(max-width: 1024px) 100vw, 1024px\" \/><\/figure>\n\n\n\n<p>Expresaron \u00abreconocer y expresar respeto al ciudadano Adri\u00e1n Alberto Romero Mart\u00ednez, como Alcalde Encargado del municipio Maracaibo, quien asume funciones bajo lo dispuesto en el segundo supuesto del art\u00edculo 87 de la Ley Org\u00e1nica del Poder P\u00fablico Municipal\u00bb.<\/p>\n\n\n\n<p>En base a esto, el Concejo Municipal de Maracaibo exhort\u00f3 a todas las instituciones de Maracaibo a actuar \u00aben consonancia con las autoridades nacionales y regionales, promoviendo la cooperaci\u00f3n interinstitucional para fortalecer el Estado democr\u00e1tico, social, de derecho y de justicia consagrado en la Constituci\u00f3n Nacional\u00bb.<\/p>\n\n\n\n<p>Extendieron su llamado a la ciudadan\u00eda para \u00abapoyar y respetar a las autoridades e instituciones nacionales, y regionales y municipales, promoviendo una convivencia arm\u00f3nica basada en los valores constitucionales de paz, igualdad y justicia\u00bb.<\/p>\n\n\n\n<p><strong>MOLESTIA EN BANCADA OFICIALISTA<\/strong><br>La bancada del oficialismo denunci\u00f3 que el acuerdo presentado por la presidencia del Concejo Municipal de Maracaibo y aprobado por la mayor\u00eda opositora, no es el que se firm\u00f3 en \u00abcomisi\u00f3n conformada para la construcci\u00f3n del acuerdo\u00bb durante una reuni\u00f3n previa a la sesi\u00f3n.<\/p>\n\n\n\n<p>\u00abHoy la presidencia y los concejales y concejalas decidieron desconocer este acuerdo y evidentemente eso significa una afrenta al orden constitucional y a nuestro presidente Nicol\u00e1s Maduro. Solicitamos a la Contralor\u00eda Municipal y a los \u00f3rganos del Estado a que pongamos todos un plan de trabajo colectivo para atender la ciudad. Este Concejo Municipal ha decidido ponerse al margen de la paz y la legalidad. Esta fracci\u00f3n (la oficialista) se retira de la sesi\u00f3n porque son unos doble cara\u00bb, expuso la concejala del Psuv, Jesse Gasc\u00f3n.<br><strong><em>ET \/ Es Con Usted<\/em><\/strong><\/p>\n","protected":false},"excerpt":{"rendered":"<p>ENTRE TORMENTAS. El Concejo Municipal de Maracaibo realiz\u00f3 este martes una sesi\u00f3n en la que&#8230;<\/p>\n","protected":false},"author":2,"featured_media":12929,"comment_status":"closed","ping_status":"open","sticky":false,"template":"","format":"standard","meta":{"footnotes":""},"categories":[57,1],"tags":[],"class_list":["post-12928","post","type-post","status-publish","format-standard","has-post-thumbnail","hentry","category-actualidad","category-regionales"],"_links":{"self":[{"href":"https:\/\/entretormentas.com\/index.php?rest_route=\/wp\/v2\/posts\/12928","targetHints":{"allow":["GET"]}}],"collection":[{"href":"https:\/\/entretormentas.com\/index.php?rest_route=\/wp\/v2\/posts"}],"about":[{"href":"https:\/\/entretormentas.com\/index.php?rest_route=\/wp\/v2\/types\/post"}],"author":[{"embeddable":true,"href":"https:\/\/entretormentas.com\/index.php?rest_route=\/wp\/v2\/users\/2"}],"replies":[{"embeddable":true,"href":"https:\/\/entretormentas.com\/index.php?rest_route=%2Fwp%2Fv2%2Fcomments&post=12928"}],"version-history":[{"count":1,"href":"https:\/\/entretormentas.com\/index.php?rest_route=\/wp\/v2\/posts\/12928\/revisions"}],"predecessor-version":[{"id":12931,"href":"https:\/\/entretormentas.com\/index.php?rest_route=\/wp\/v2\/posts\/12928\/revisions\/12931"}],"wp:featuredmedia":[{"embeddable":true,"href":"https:\/\/entretormentas.com\/index.php?rest_route=\/wp\/v2\/media\/12929"}],"wp:attachment":[{"href":"https:\/\/entretormentas.com\/index.php?rest_route=%2Fwp%2Fv2%2Fmedia&parent=12928"}],"wp:term":[{"taxonomy":"category","embeddable":true,"href":"https:\/\/entretormentas.com\/index.php?rest_route=%2Fwp%2Fv2%2Fcategories&post=12928"},{"taxonomy":"post_tag","embeddable":true,"href":"https:\/\/entretormentas.com\/index.php?rest_route=%2Fwp%2Fv2%2Ftags&post=12928"}],"curies":[{"name":"wp","href":"https:\/\/api.w.org\/{rel}","templated":true}]}}