{"id":12935,"date":"2025-01-29T07:32:44","date_gmt":"2025-01-29T06:32:44","guid":{"rendered":"https:\/\/entretormentas.com\/?p=12935"},"modified":"2025-01-29T07:32:45","modified_gmt":"2025-01-29T06:32:45","slug":"nueva-medida-ameliach-asegura-que-la-tarjeta-de-la-mud-no-podra-usarse-en-las-elecciones","status":"publish","type":"post","link":"https:\/\/entretormentas.com\/nueva-medida-ameliach-asegura-que-la-tarjeta-de-la-mud-no-podra-usarse-en-las-elecciones\/","title":{"rendered":"\u00a1NUEVA MEDIDA! Ameliach asegura que la tarjeta de la MUD no podr\u00e1 usarse en las elecciones"},"content":{"rendered":"\n<p><strong>ENTRE TORMENTAS. <\/strong>El diputado y miembro de la Comisi\u00f3n de Pol\u00edtica Interior de la Asamblea Nacional (AN), Francisco Ameliach, asegur\u00f3 este martes, que la Mesa de la Unidad Democr\u00e1tica (MUD) no podr\u00e1 postular candidatos a las elecciones del pr\u00f3ximo 27 de abril.<\/p>\n\n\n\n<p>A juicio del tambi\u00e9n miembro del Partido Socialista Unido de Venezuela (PSUV), ya hay instrumentos legales aprobados por la Asamblea Nacional, como lo establece la Ley de Partidos Pol\u00edticos y la Ley Libertador \u2018Sim\u00f3n Bol\u00edvar\u2019.<\/p>\n\n\n\n<p>\u00abYo en la mesa de di\u00e1logo exijo que se cumpla estrictamente la Ley de Partidos Pol\u00edticos que establece que aquellos partidos que no participaron o no lograron el 1% en la elecci\u00f3n pasada de la Asamblea Nacional, esas tarjetas no pueden participar, que es el caso de la MUD\u00bb, sentenci\u00f3 en una entrevista a Telesur.<\/p>\n\n\n\n<p>Reiter\u00f3 que \u00abla MUD no puede participar de acuerdo al art\u00edculo 132 de la Ley de Partidos Pol\u00edticos, que de paso es una ley de la mitad del siglo pasado, no es una ley del chavismo\u00bb.<\/p>\n\n\n\n<p>Insisti\u00f3 que \u00ablleg\u00f3 el momento de aplicar las leyes tal y como est\u00e1n escritas. Es una elecci\u00f3n muy importante para avanzar y consolidar la paz de la Rep\u00fablica, yo creo que hay la conciencia pol\u00edtica\u00bb, afirm\u00f3 Ameliach.<\/p>\n\n\n\n<p>Adem\u00e1s resalt\u00f3 que \u00abtoda persona que haya pedido invasi\u00f3n, sanciones contra la Patria, que incluso rayan en el delito de Traici\u00f3n a la Patria, no puede participar en un proceso de elecci\u00f3n\u00bb.<br><strong><em>ET \/ Agencias<\/em><\/strong><\/p>\n","protected":false},"excerpt":{"rendered":"<p>ENTRE TORMENTAS. El diputado y miembro de la Comisi\u00f3n de Pol\u00edtica Interior de la Asamblea&#8230;<\/p>\n","protected":false},"author":2,"featured_media":12936,"comment_status":"closed","ping_status":"open","sticky":false,"template":"","format":"standard","meta":{"footnotes":""},"categories":[56,49],"tags":[],"class_list":["post-12935","post","type-post","status-publish","format-standard","has-post-thumbnail","hentry","category-destacadas","category-nacionales"],"_links":{"self":[{"href":"https:\/\/entretormentas.com\/index.php?rest_route=\/wp\/v2\/posts\/12935","targetHints":{"allow":["GET"]}}],"collection":[{"href":"https:\/\/entretormentas.com\/index.php?rest_route=\/wp\/v2\/posts"}],"about":[{"href":"https:\/\/entretormentas.com\/index.php?rest_route=\/wp\/v2\/types\/post"}],"author":[{"embeddable":true,"href":"https:\/\/entretormentas.com\/index.php?rest_route=\/wp\/v2\/users\/2"}],"replies":[{"embeddable":true,"href":"https:\/\/entretormentas.com\/index.php?rest_route=%2Fwp%2Fv2%2Fcomments&post=12935"}],"version-history":[{"count":1,"href":"https:\/\/entretormentas.com\/index.php?rest_route=\/wp\/v2\/posts\/12935\/revisions"}],"predecessor-version":[{"id":12937,"href":"https:\/\/entretormentas.com\/index.php?rest_route=\/wp\/v2\/posts\/12935\/revisions\/12937"}],"wp:featuredmedia":[{"embeddable":true,"href":"https:\/\/entretormentas.com\/index.php?rest_route=\/wp\/v2\/media\/12936"}],"wp:attachment":[{"href":"https:\/\/entretormentas.com\/index.php?rest_route=%2Fwp%2Fv2%2Fmedia&parent=12935"}],"wp:term":[{"taxonomy":"category","embeddable":true,"href":"https:\/\/entretormentas.com\/index.php?rest_route=%2Fwp%2Fv2%2Fcategories&post=12935"},{"taxonomy":"post_tag","embeddable":true,"href":"https:\/\/entretormentas.com\/index.php?rest_route=%2Fwp%2Fv2%2Ftags&post=12935"}],"curies":[{"name":"wp","href":"https:\/\/api.w.org\/{rel}","templated":true}]}}