{"id":12938,"date":"2025-01-29T07:37:50","date_gmt":"2025-01-29T06:37:50","guid":{"rendered":"https:\/\/entretormentas.com\/?p=12938"},"modified":"2025-01-29T07:37:50","modified_gmt":"2025-01-29T06:37:50","slug":"con-presencia-del-gobernador-rosales-instalan-primera-plenaria-del-consejo-federal-de-gobierno","status":"publish","type":"post","link":"https:\/\/entretormentas.com\/con-presencia-del-gobernador-rosales-instalan-primera-plenaria-del-consejo-federal-de-gobierno\/","title":{"rendered":"\u00a1CON PRESENCIA DEL GOBERNADOR ROSALES! Instalan Primera Plenaria del Consejo Federal de Gobierno"},"content":{"rendered":"\n<p><strong>ENTRE TORMENTAS. <\/strong>El presidente, Nicol\u00e1s Maduro, lider\u00f3 la Plenaria del Consejo Federal de Gobierno (CFG) 2025, que se realiz\u00f3 en cumplimiento con la normativa establecida en la Constituci\u00f3n de la Rep\u00fablica Bolivariana de Venezuela, y en la que se hizo un balance del 2024 y la correspondiente proyecci\u00f3n para 2025.<\/p>\n\n\n\n<p>Acompa\u00f1ado de la Vicepresidenta Ejecutiva de la Rep\u00fablica, Delcy Rodr\u00edguez, los Vicepresidentes Sectoriales de Gobierno, los alcaldes, gobernadores, entre lo que se encontr\u00f3 el Gobernador del estado Zulia, Manuel Rosales. Asimismo, asistieron, ministros, voceros y voceras del Poder Popular, el mandatario destac\u00f3 que en 2024 se logr\u00f3 aumentar m\u00e1s de 100 % la asignaci\u00f3n a las regiones a trav\u00e9s del CFG.<\/p>\n\n\n\n<figure class=\"wp-block-image size-large\"><img fetchpriority=\"high\" decoding=\"async\" width=\"1024\" height=\"682\" src=\"https:\/\/entretormentas.com\/wp-content\/uploads\/2025\/01\/image-503-1024x682.png\" alt=\"\" class=\"wp-image-12940\" srcset=\"https:\/\/entretormentas.com\/wp-content\/uploads\/2025\/01\/image-503-1024x682.png 1024w, https:\/\/entretormentas.com\/wp-content\/uploads\/2025\/01\/image-503-300x200.png 300w, https:\/\/entretormentas.com\/wp-content\/uploads\/2025\/01\/image-503-768x512.png 768w, https:\/\/entretormentas.com\/wp-content\/uploads\/2025\/01\/image-503.png 1280w\" sizes=\"(max-width: 1024px) 100vw, 1024px\" \/><\/figure>\n\n\n\n<p>Enumer\u00f3 que durante ese per\u00edodo se les entreg\u00f3 a las gobernaciones m\u00e1s de $119 millones, a las alcald\u00edas $60 millones y $96 millones al poder popular. En tal sentido, el mandatario resalt\u00f3 que tras la primera consulta popular hay un 97 % de ejecuci\u00f3n y tras la segunda consulta, un 96 %.<\/p>\n\n\n\n<p>La vicepresidenta Ejecutiva Delcy Rodr\u00edguez destac\u00f3 que \u201chemos venido creciendo, tambi\u00e9n hemos mejorado el enfoque de las atenciones que han nacido, principalmente, de la realidad de nuestro pueblo\u201d. A\u00f1adi\u00f3 que en el a\u00f1o 2024, se ejecutaron 11 mil 900 proyectos entre Gobernaciones y Alcald\u00edas.<\/p>\n\n\n\n<p>El presidente Maduro instruy\u00f3 que el desaf\u00edo debe ser incrementar la eficiencia para este a\u00f1o 2025, en el que \u201clos recursos destinados a la ejecuci\u00f3n de proyectos aumentar\u00e1n en 54 %, $447.275.707 millones, su equivalente en Bol\u00edvares.\u201d<\/p>\n\n\n\n<p><strong>NUEVA SECRETAR\u00cdA<\/strong><br>El jefe de Estado dio a conocer la nueva conformaci\u00f3n de la Secretar\u00eda ante el Consejo Federal de Gobierno 2025, que qued\u00f3 conformada por la Vicepresidenta Ejecutiva, Delcy Rodr\u00edguez, el Ministro para la Energ\u00eda El\u00e9ctrica Jorge Elieser M\u00e1rquez, la Ministra para Ciencia, Tecnolog\u00eda, Educaci\u00f3n y Salud Gabriela Jim\u00e9nez, el Gobernador del estado Portuguesa Primitivo Cede\u00f1o, el Gobernador del estado Monagas Ernesto Luna y el Gobernador del estado Cojedes Jos\u00e9 Alberto Gal\u00edndez.<\/p>\n\n\n\n<p>Tambi\u00e9n lo integran la Alcaldesa de Caracas, Carmen Mel\u00e9ndez, el Alcalde del municipio Mara, Luid Gerardo Caldera Morales y Alcalde del municipio Maneiro, David Morel Rodr\u00edguez<\/p>\n\n\n\n<figure class=\"wp-block-image size-full\"><img decoding=\"async\" width=\"720\" height=\"404\" src=\"https:\/\/entretormentas.com\/wp-content\/uploads\/2025\/01\/image-504.png\" alt=\"\" class=\"wp-image-12941\" srcset=\"https:\/\/entretormentas.com\/wp-content\/uploads\/2025\/01\/image-504.png 720w, https:\/\/entretormentas.com\/wp-content\/uploads\/2025\/01\/image-504-300x168.png 300w\" sizes=\"(max-width: 720px) 100vw, 720px\" \/><\/figure>\n\n\n\n<p><strong>PRIORIDAD<\/strong><br>El Consejo Federal de Gobierno es la instituci\u00f3n encargada de planificar y coordinar pol\u00edticas y acciones para el desarrollo de descentralizaci\u00f3n y transferencias de competencias del poder nacional, a los estados y municipios.<\/p>\n\n\n\n<p>Tras el diagn\u00f3stico efectuado en las diferentes instancias de gobierno, se ha establecido un orden de prioridades, en el que se precis\u00f3 que los servicios de agua, vialidad y vivienda, son los que requieren de mayor atenci\u00f3n en ese mismo orden.<\/p>\n\n\n\n<p>El presidente Maduro pidi\u00f3 a la secretar\u00eda del CFG, trabajar colectivamente para solventar los principales problemas del territorio, teniendo siempre en cuenta y en primer lugar, al poder popular.<br><strong><em>ET \/ Uni\u00f3n Radio<\/em><\/strong><\/p>\n\n\n\n<p><\/p>\n","protected":false},"excerpt":{"rendered":"<p>ENTRE TORMENTAS. El presidente, Nicol\u00e1s Maduro, lider\u00f3 la Plenaria del Consejo Federal de Gobierno (CFG)&#8230;<\/p>\n","protected":false},"author":2,"featured_media":12939,"comment_status":"closed","ping_status":"open","sticky":false,"template":"","format":"standard","meta":{"footnotes":""},"categories":[56,49],"tags":[],"class_list":["post-12938","post","type-post","status-publish","format-standard","has-post-thumbnail","hentry","category-destacadas","category-nacionales"],"_links":{"self":[{"href":"https:\/\/entretormentas.com\/index.php?rest_route=\/wp\/v2\/posts\/12938","targetHints":{"allow":["GET"]}}],"collection":[{"href":"https:\/\/entretormentas.com\/index.php?rest_route=\/wp\/v2\/posts"}],"about":[{"href":"https:\/\/entretormentas.com\/index.php?rest_route=\/wp\/v2\/types\/post"}],"author":[{"embeddable":true,"href":"https:\/\/entretormentas.com\/index.php?rest_route=\/wp\/v2\/users\/2"}],"replies":[{"embeddable":true,"href":"https:\/\/entretormentas.com\/index.php?rest_route=%2Fwp%2Fv2%2Fcomments&post=12938"}],"version-history":[{"count":1,"href":"https:\/\/entretormentas.com\/index.php?rest_route=\/wp\/v2\/posts\/12938\/revisions"}],"predecessor-version":[{"id":12942,"href":"https:\/\/entretormentas.com\/index.php?rest_route=\/wp\/v2\/posts\/12938\/revisions\/12942"}],"wp:featuredmedia":[{"embeddable":true,"href":"https:\/\/entretormentas.com\/index.php?rest_route=\/wp\/v2\/media\/12939"}],"wp:attachment":[{"href":"https:\/\/entretormentas.com\/index.php?rest_route=%2Fwp%2Fv2%2Fmedia&parent=12938"}],"wp:term":[{"taxonomy":"category","embeddable":true,"href":"https:\/\/entretormentas.com\/index.php?rest_route=%2Fwp%2Fv2%2Fcategories&post=12938"},{"taxonomy":"post_tag","embeddable":true,"href":"https:\/\/entretormentas.com\/index.php?rest_route=%2Fwp%2Fv2%2Ftags&post=12938"}],"curies":[{"name":"wp","href":"https:\/\/api.w.org\/{rel}","templated":true}]}}