{"id":12943,"date":"2025-01-29T07:40:51","date_gmt":"2025-01-29T06:40:51","guid":{"rendered":"https:\/\/entretormentas.com\/?p=12943"},"modified":"2025-01-29T07:40:51","modified_gmt":"2025-01-29T06:40:51","slug":"se-unira-a-soteldo-y-tomas-rincon-neymar-vuelve-al-santos-tras-rescindir-su-contrato-con-el-al-hilal-saudi","status":"publish","type":"post","link":"https:\/\/entretormentas.com\/se-unira-a-soteldo-y-tomas-rincon-neymar-vuelve-al-santos-tras-rescindir-su-contrato-con-el-al-hilal-saudi\/","title":{"rendered":"\u00a1SE UNIR\u00c1 A SOTELDO Y TOM\u00c1S RINC\u00d3N! Neymar vuelve al Santos tras rescindir su contrato con el Al-Hilal saud\u00ed"},"content":{"rendered":"\n<p><strong>ENTRE TORMENTAS. <\/strong>Despu\u00e9s de m\u00e1s de una d\u00e9cada desde su salida hacia el Barcelona, Neymar regresa al Santos, el club que lo vio nacer futbol\u00edsticamente. El presidente de la instituci\u00f3n, Marcelo Teixeira, fue quien confirm\u00f3 esta noticia que ha emocionado a los fan\u00e1ticos brasile\u00f1os.<\/p>\n\n\n\n<p>Tras su breve paso por el Al-Hilal saud\u00ed, donde solo jug\u00f3 siete partidos, Neymar se ha decidido regresar a su pa\u00eds natal para continuar su carrera, buscando la estabilidad que no logr\u00f3 encontrar en Arabia Saudita. En el Santos se unir\u00e1 a los venezolanos Tom\u00e1s Rinc\u00f3n y Jeferson Soteldo.<\/p>\n\n\n\n<figure class=\"wp-block-image size-full\"><img fetchpriority=\"high\" decoding=\"async\" width=\"789\" height=\"459\" src=\"https:\/\/entretormentas.com\/wp-content\/uploads\/2025\/01\/image-506.png\" alt=\"\" class=\"wp-image-12945\" srcset=\"https:\/\/entretormentas.com\/wp-content\/uploads\/2025\/01\/image-506.png 789w, https:\/\/entretormentas.com\/wp-content\/uploads\/2025\/01\/image-506-300x175.png 300w, https:\/\/entretormentas.com\/wp-content\/uploads\/2025\/01\/image-506-768x447.png 768w\" sizes=\"(max-width: 789px) 100vw, 789px\" \/><\/figure>\n\n\n\n<p>Lo que parece a\u00fan m\u00e1s prometedor es que el regreso de Neymar podr\u00eda venir acompa\u00f1ado de varias estrellas internacionales, como el franc\u00e9s Paul Pogba, el espa\u00f1ol Sergio Ramos y otros futbolistas de renombre, con el objetivo de devolverle al Santos el protagonismo que alguna vez tuvo en Brasil y en el continente.<\/p>\n\n\n\n<p>El dirigente del Santos no especific\u00f3 el tiempo exacto del nuevo contrato, aunque los medios brasile\u00f1os especulan con que Neymar firmar\u00e1 por un per\u00edodo hasta mediados de 2025, con opci\u00f3n de extensi\u00f3n.<\/p>\n\n\n\n<p>Ahora, con 33 a\u00f1os, Ney busca en el club que lo catapult\u00f3 al estrellato un renacer que lo acerque a su mejor nivel, con la mira puesta en la Copa del Mundo de 2026.<br><strong><em>ET \/ Agencias<\/em><\/strong><\/p>\n\n\n\n<p><\/p>\n","protected":false},"excerpt":{"rendered":"<p>ENTRE TORMENTAS. Despu\u00e9s de m\u00e1s de una d\u00e9cada desde su salida hacia el Barcelona, Neymar&#8230;<\/p>\n","protected":false},"author":2,"featured_media":12944,"comment_status":"closed","ping_status":"open","sticky":false,"template":"","format":"standard","meta":{"footnotes":""},"categories":[53],"tags":[],"class_list":["post-12943","post","type-post","status-publish","format-standard","has-post-thumbnail","hentry","category-deportes"],"_links":{"self":[{"href":"https:\/\/entretormentas.com\/index.php?rest_route=\/wp\/v2\/posts\/12943","targetHints":{"allow":["GET"]}}],"collection":[{"href":"https:\/\/entretormentas.com\/index.php?rest_route=\/wp\/v2\/posts"}],"about":[{"href":"https:\/\/entretormentas.com\/index.php?rest_route=\/wp\/v2\/types\/post"}],"author":[{"embeddable":true,"href":"https:\/\/entretormentas.com\/index.php?rest_route=\/wp\/v2\/users\/2"}],"replies":[{"embeddable":true,"href":"https:\/\/entretormentas.com\/index.php?rest_route=%2Fwp%2Fv2%2Fcomments&post=12943"}],"version-history":[{"count":1,"href":"https:\/\/entretormentas.com\/index.php?rest_route=\/wp\/v2\/posts\/12943\/revisions"}],"predecessor-version":[{"id":12946,"href":"https:\/\/entretormentas.com\/index.php?rest_route=\/wp\/v2\/posts\/12943\/revisions\/12946"}],"wp:featuredmedia":[{"embeddable":true,"href":"https:\/\/entretormentas.com\/index.php?rest_route=\/wp\/v2\/media\/12944"}],"wp:attachment":[{"href":"https:\/\/entretormentas.com\/index.php?rest_route=%2Fwp%2Fv2%2Fmedia&parent=12943"}],"wp:term":[{"taxonomy":"category","embeddable":true,"href":"https:\/\/entretormentas.com\/index.php?rest_route=%2Fwp%2Fv2%2Fcategories&post=12943"},{"taxonomy":"post_tag","embeddable":true,"href":"https:\/\/entretormentas.com\/index.php?rest_route=%2Fwp%2Fv2%2Ftags&post=12943"}],"curies":[{"name":"wp","href":"https:\/\/api.w.org\/{rel}","templated":true}]}}