{"id":12947,"date":"2025-01-29T07:46:56","date_gmt":"2025-01-29T06:46:56","guid":{"rendered":"https:\/\/entretormentas.com\/?p=12947"},"modified":"2025-01-29T07:46:57","modified_gmt":"2025-01-29T06:46:57","slug":"armaron-un-trabuco-cardenales-debutara-ante-dominicana-el-viernes-en-la-serie-del-caribe","status":"publish","type":"post","link":"https:\/\/entretormentas.com\/armaron-un-trabuco-cardenales-debutara-ante-dominicana-el-viernes-en-la-serie-del-caribe\/","title":{"rendered":"\u00a1ARMARON UN TRABUCO! Cardenales debutar\u00e1 ante Dominicana el viernes en la Serie del Caribe"},"content":{"rendered":"\n<p><strong>ENTRE TORMENTAS. <\/strong>Los Cardenales de Lara, campeones de Venezuela, debutar\u00e1n este viernes 31 de enero frente a Rep\u00fablica Dominicana, representados por Leones del Escogido, en la Serie del Caribe 2025, que se disputar\u00e1 en la ciudad de Mexicali, M\u00e9xico.<\/p>\n\n\n\n<p>Los de Lara, el equipo m\u00e1s consistente a lo largo de toda la campa\u00f1a 2024-2025 tienen la tarea de retener el t\u00edtulo regional que el a\u00f1o anterior alzaron los Tiburones de La Guaira. Una tarea en la que se interponen los Leones del Escogido (Rep\u00fablica Dominicana), Indios de Mayag\u00fcez (Puerto Rico), M\u00e9xico (entre Charros de Jalisco y los Tomateros de Culiac\u00e1n) y Jap\u00f3n, que tendr\u00e1 por primera vez un club como invitado a la cita.<\/p>\n\n\n\n<figure class=\"wp-block-image size-large\"><img fetchpriority=\"high\" decoding=\"async\" width=\"819\" height=\"1024\" src=\"https:\/\/entretormentas.com\/wp-content\/uploads\/2025\/01\/image-508-819x1024.png\" alt=\"\" class=\"wp-image-12949\" srcset=\"https:\/\/entretormentas.com\/wp-content\/uploads\/2025\/01\/image-508-819x1024.png 819w, https:\/\/entretormentas.com\/wp-content\/uploads\/2025\/01\/image-508-240x300.png 240w, https:\/\/entretormentas.com\/wp-content\/uploads\/2025\/01\/image-508-768x960.png 768w, https:\/\/entretormentas.com\/wp-content\/uploads\/2025\/01\/image-508.png 1024w\" sizes=\"(max-width: 819px) 100vw, 819px\" \/><\/figure>\n\n\n\n<p><strong>P\u00c1JAROS ROJOS REFORZADOS<\/strong><br>Cardenales de Lara present\u00f3 este martes su lista de 28 hombres con los que viajar\u00e1n a Mexicali.<\/p>\n\n\n\n<p>El equipo contar\u00e1 con gran parte del n\u00facleo que se consagr\u00f3 campe\u00f3n en la LVBP el pasado domingo y, adicionalmente, tambi\u00e9n contar\u00e1n con los refuerzos de Jes\u00fas Vargas (LD), Silvino Bracho (LD), Anthony Vizcaya (LD), Liarvis Breto (LZ), Francisco Arcia (C) y Alexi Amarista (UTIL).<\/p>\n\n\n\n<p>La principal ausencia en lo relacionado con la ofensiva es Harold Castro, quien finalmente no asistir\u00e1 al certamen. Aunque s\u00ed lo har\u00e1n figuras como Ildemaro Vargas, Rangel Ravelo, Hern\u00e1n P\u00e9rez, Eduardo Garc\u00eda, Daniel Izturis, Jermaine Palacios, Gorkys Hern\u00e1ndez, Danry V\u00e1squez, Jos\u00e9 Rond\u00f3n y Jecksson Flores.<\/p>\n\n\n\n<p><strong>Lanzadores<\/strong><br>En el apartado de los lanzadores, aparece un s\u00f3lido grupo de nombres que estar\u00e1 liderado por M\u00e1ximo Castillo, Jimmy Endersby y Adri\u00e1n Almeida, quienes fueron parte fundamental de la conquista larense.<\/p>\n\n\n\n<p>Junto a ellos tambi\u00e9n estar\u00e1n Arnaldo Hern\u00e1ndez, Brian McKenna, Alex Scherff, Jes\u00fas Valles, Robinson Hern\u00e1ndez, Edwin Escobar y Vicente Campos, adem\u00e1s del resto de pitchers mencionados anteriormente que son refuerzos.<\/p>\n\n\n\n<figure class=\"wp-block-image size-full\"><img decoding=\"async\" width=\"700\" height=\"470\" src=\"https:\/\/entretormentas.com\/wp-content\/uploads\/2025\/01\/image-434.png\" alt=\"\" class=\"wp-image-12793\" srcset=\"https:\/\/entretormentas.com\/wp-content\/uploads\/2025\/01\/image-434.png 700w, https:\/\/entretormentas.com\/wp-content\/uploads\/2025\/01\/image-434-300x201.png 300w\" sizes=\"(max-width: 700px) 100vw, 700px\" \/><\/figure>\n\n\n\n<p><strong>C\u00d3MO JUGAR\u00c1 VENEZUELA<\/strong><\/p>\n\n\n\n<ul class=\"wp-block-list\">\n<li><strong>Viernes 31 de enero<\/strong><br>3:30 PM. Venezuela (Cardenales de Lara) vs Dominicana (Escogido o Licey)<\/li>\n<\/ul>\n\n\n\n<p>10:00 PM. Puerto Rico (Indios de Mayag\u00fcez) vs M\u00e9xico (Culiac\u00e1n o Jalisco)<\/p>\n\n\n\n<p>Libre: Jap\u00f3n (Japan Breeze)<\/p>\n\n\n\n<ul class=\"wp-block-list\">\n<li><strong>S\u00e1bado 1\u00b0 de febrero<\/strong><br>2:50 PM. Dominicana (Escogido) vs Jap\u00f3n (Japan Breeze)<\/li>\n<\/ul>\n\n\n\n<p>7:50 PM. M\u00e9xico (Culiac\u00e1n o Jalisco) vs Venezuela (Cardenales de Lara)<\/p>\n\n\n\n<p>Libre: Puerto Rico (Indios de Mayag\u00fcez)<\/p>\n\n\n\n<ul class=\"wp-block-list\">\n<li><strong>Domingo 2 de febrero<\/strong><br>2:50 PM. Jap\u00f3n (Japan Breeze) vs Puerto Rico (Indios de Mayag\u00fcez)<\/li>\n<\/ul>\n\n\n\n<p>7:50 PM. Dominicana (Escogido) vs M\u00e9xico (Culiac\u00e1n o Jalisco)<\/p>\n\n\n\n<p>Libre: Venezuela (Cardenales de Lara)<\/p>\n\n\n\n<ul class=\"wp-block-list\">\n<li><strong>Lunes 3 de febrero<\/strong><br>2:00 PM. Venezuela (Cardenales de Lara) vs Puerto Rico (Indios de Mayag\u00fcez)<\/li>\n<\/ul>\n\n\n\n<p>7:00 PM. M\u00e9xico (Culiac\u00e1n o Jalisco) vs Jap\u00f3n (Japan Breeze)<\/p>\n\n\n\n<p>Libre: Dominicana (Escogido)<\/p>\n\n\n\n<ul class=\"wp-block-list\">\n<li><strong>Martes 4 de febrero<\/strong><br>4:00 PM. Puerto Rico (Indios de Mayag\u00fcez) vs Dominicana (Escogido)<\/li>\n<\/ul>\n\n\n\n<p>9:00 PM. Jap\u00f3n (Japan Breeze) vs Venezuela (Cardenales de Lara)<\/p>\n\n\n\n<p>Libre: M\u00e9xico (Culiac\u00e1n o Jalisco)<\/p>\n\n\n\n<ul class=\"wp-block-list\">\n<li><strong>Mi\u00e9rcoles 5 de febrero<\/strong><br>4:00 PM. Semifinales, segundo vs tercero<\/li>\n<\/ul>\n\n\n\n<p>9:00 PM. Semifinales, primero vs cuarto<\/p>\n\n\n\n<ul class=\"wp-block-list\">\n<li><strong>Jueves 6 de febrero<\/strong><br>9:00 PM. Juego por el tercer lugar<\/li>\n<\/ul>\n\n\n\n<p><strong>Viernes 7 de febrero<\/strong><br>9:00 PM. Final.<br><strong><em>ET \/ Agencias<\/em><\/strong><\/p>\n\n\n\n<p><\/p>\n","protected":false},"excerpt":{"rendered":"<p>ENTRE TORMENTAS. Los Cardenales de Lara, campeones de Venezuela, debutar\u00e1n este viernes 31 de enero&#8230;<\/p>\n","protected":false},"author":2,"featured_media":12948,"comment_status":"closed","ping_status":"open","sticky":false,"template":"","format":"standard","meta":{"footnotes":""},"categories":[53,56],"tags":[],"class_list":["post-12947","post","type-post","status-publish","format-standard","has-post-thumbnail","hentry","category-deportes","category-destacadas"],"_links":{"self":[{"href":"https:\/\/entretormentas.com\/index.php?rest_route=\/wp\/v2\/posts\/12947","targetHints":{"allow":["GET"]}}],"collection":[{"href":"https:\/\/entretormentas.com\/index.php?rest_route=\/wp\/v2\/posts"}],"about":[{"href":"https:\/\/entretormentas.com\/index.php?rest_route=\/wp\/v2\/types\/post"}],"author":[{"embeddable":true,"href":"https:\/\/entretormentas.com\/index.php?rest_route=\/wp\/v2\/users\/2"}],"replies":[{"embeddable":true,"href":"https:\/\/entretormentas.com\/index.php?rest_route=%2Fwp%2Fv2%2Fcomments&post=12947"}],"version-history":[{"count":1,"href":"https:\/\/entretormentas.com\/index.php?rest_route=\/wp\/v2\/posts\/12947\/revisions"}],"predecessor-version":[{"id":12950,"href":"https:\/\/entretormentas.com\/index.php?rest_route=\/wp\/v2\/posts\/12947\/revisions\/12950"}],"wp:featuredmedia":[{"embeddable":true,"href":"https:\/\/entretormentas.com\/index.php?rest_route=\/wp\/v2\/media\/12948"}],"wp:attachment":[{"href":"https:\/\/entretormentas.com\/index.php?rest_route=%2Fwp%2Fv2%2Fmedia&parent=12947"}],"wp:term":[{"taxonomy":"category","embeddable":true,"href":"https:\/\/entretormentas.com\/index.php?rest_route=%2Fwp%2Fv2%2Fcategories&post=12947"},{"taxonomy":"post_tag","embeddable":true,"href":"https:\/\/entretormentas.com\/index.php?rest_route=%2Fwp%2Fv2%2Ftags&post=12947"}],"curies":[{"name":"wp","href":"https:\/\/api.w.org\/{rel}","templated":true}]}}