{"id":12961,"date":"2025-01-31T09:36:45","date_gmt":"2025-01-31T08:36:45","guid":{"rendered":"https:\/\/entretormentas.com\/?p=12961"},"modified":"2025-01-31T09:36:45","modified_gmt":"2025-01-31T08:36:45","slug":"orgullo-y-esencia-regional-cmm-celebro-la-zulianidad-con-humor-y-tradicion","status":"publish","type":"post","link":"https:\/\/entretormentas.com\/orgullo-y-esencia-regional-cmm-celebro-la-zulianidad-con-humor-y-tradicion\/","title":{"rendered":"\u00a1ORGULLO Y ESENCIA REGIONAL! CMM celebr\u00f3 la Zulianidad con humor y tradici\u00f3n"},"content":{"rendered":"\n<p><strong>ENTRE TORMENTAS. <\/strong>En el marco de la conmemoraci\u00f3n del D\u00eda de la Zulianidad, el Concejo Municipal de Maracaibo, presidido por el concejal Omar Molina, llev\u00f3 a cabo una solemne sesi\u00f3n en el Sal\u00f3n de Sesiones Dr. Jes\u00fas Enrique Lossada, donde se resalt\u00f3 la riqueza cultural, hist\u00f3rica y el arraigo de la identidad zuliana.<\/p>\n\n\n\n<p>Durante su intervenci\u00f3n, el presidente del Concejo Municipal destac\u00f3 la importancia de este d\u00eda como un s\u00edmbolo del orgullo y la lucha del pueblo zuliano.<\/p>\n\n\n\n<p>\u00abCelebramos el D\u00eda de la Zulianidad, un d\u00eda que va m\u00e1s all\u00e1 de una fecha en el calendario; es un sentimiento, una identidad, un orgullo que se nos nota en la mirada y en el acento. Ser zuliano es un acto de amor y de lucha permanente. Es llevar en el pecho el calor de un sol inclemente, pero tambi\u00e9n el fuego de un pueblo que nunca se rinde\u00bb, expres\u00f3 Molina.<\/p>\n\n\n\n<figure class=\"wp-block-image size-large\"><img fetchpriority=\"high\" decoding=\"async\" width=\"1024\" height=\"682\" src=\"https:\/\/entretormentas.com\/wp-content\/uploads\/2025\/01\/image-513-1024x682.png\" alt=\"\" class=\"wp-image-12962\" srcset=\"https:\/\/entretormentas.com\/wp-content\/uploads\/2025\/01\/image-513-1024x682.png 1024w, https:\/\/entretormentas.com\/wp-content\/uploads\/2025\/01\/image-513-300x200.png 300w, https:\/\/entretormentas.com\/wp-content\/uploads\/2025\/01\/image-513-768x512.png 768w, https:\/\/entretormentas.com\/wp-content\/uploads\/2025\/01\/image-513.png 1280w\" sizes=\"(max-width: 1024px) 100vw, 1024px\" \/><\/figure>\n\n\n\n<p>El acto cont\u00f3 con la participaci\u00f3n del reconocido humorista zuliano Jairo P\u00e9rez Araujo, mejor conocido como \u00abEl Guajiro Jairo\u00bb, quien fungi\u00f3 como orador de orden. Su discurso, cargado de humor y emotividad, conect\u00f3 con los presentes al recordar la esencia de ser zuliano.<\/p>\n\n\n\n<p>\u00abEl zuliano es \u00fanico, es alegr\u00eda, es resistencia, es pasi\u00f3n. Nuestra identidad est\u00e1 en nuestra manera de hablar, en nuestra m\u00fasica, en nuestra historia. La zulianidad es un tesoro que debemos proteger y seguir transmitiendo a las nuevas generaciones\u00bb, destac\u00f3 P\u00e9rez Araujo.<\/p>\n\n\n\n<p>La celebraci\u00f3n del D\u00eda de la Zulianidad se consolida como una oportunidad para que los marabinos y zulianos en general se reencuentren con sus ra\u00edces y fortalezcan su sentido de pertenencia. M\u00e1s que una efem\u00e9ride, esta fecha representa un compromiso de cada ciudadano con la preservaci\u00f3n de la cultura y la historia que nos define como regi\u00f3n.<br><strong><em>ET \/ Prensa Concejo Municipal de Maracaibo<\/em><\/strong><\/p>\n","protected":false},"excerpt":{"rendered":"<p>ENTRE TORMENTAS. En el marco de la conmemoraci\u00f3n del D\u00eda de la Zulianidad, el Concejo&#8230;<\/p>\n","protected":false},"author":2,"featured_media":12963,"comment_status":"closed","ping_status":"open","sticky":false,"template":"","format":"standard","meta":{"footnotes":""},"categories":[57,1],"tags":[],"class_list":["post-12961","post","type-post","status-publish","format-standard","has-post-thumbnail","hentry","category-actualidad","category-regionales"],"_links":{"self":[{"href":"https:\/\/entretormentas.com\/index.php?rest_route=\/wp\/v2\/posts\/12961","targetHints":{"allow":["GET"]}}],"collection":[{"href":"https:\/\/entretormentas.com\/index.php?rest_route=\/wp\/v2\/posts"}],"about":[{"href":"https:\/\/entretormentas.com\/index.php?rest_route=\/wp\/v2\/types\/post"}],"author":[{"embeddable":true,"href":"https:\/\/entretormentas.com\/index.php?rest_route=\/wp\/v2\/users\/2"}],"replies":[{"embeddable":true,"href":"https:\/\/entretormentas.com\/index.php?rest_route=%2Fwp%2Fv2%2Fcomments&post=12961"}],"version-history":[{"count":1,"href":"https:\/\/entretormentas.com\/index.php?rest_route=\/wp\/v2\/posts\/12961\/revisions"}],"predecessor-version":[{"id":12964,"href":"https:\/\/entretormentas.com\/index.php?rest_route=\/wp\/v2\/posts\/12961\/revisions\/12964"}],"wp:featuredmedia":[{"embeddable":true,"href":"https:\/\/entretormentas.com\/index.php?rest_route=\/wp\/v2\/media\/12963"}],"wp:attachment":[{"href":"https:\/\/entretormentas.com\/index.php?rest_route=%2Fwp%2Fv2%2Fmedia&parent=12961"}],"wp:term":[{"taxonomy":"category","embeddable":true,"href":"https:\/\/entretormentas.com\/index.php?rest_route=%2Fwp%2Fv2%2Fcategories&post=12961"},{"taxonomy":"post_tag","embeddable":true,"href":"https:\/\/entretormentas.com\/index.php?rest_route=%2Fwp%2Fv2%2Ftags&post=12961"}],"curies":[{"name":"wp","href":"https:\/\/api.w.org\/{rel}","templated":true}]}}