{"id":12975,"date":"2025-01-31T09:45:34","date_gmt":"2025-01-31T08:45:34","guid":{"rendered":"https:\/\/entretormentas.com\/?p=12975"},"modified":"2025-01-31T09:46:04","modified_gmt":"2025-01-31T08:46:04","slug":"atendidos-84-en-14-parroquias-reducen-puntos-criticos-de-desechos-se-reducen-un-80-en-maracaibo","status":"publish","type":"post","link":"https:\/\/entretormentas.com\/atendidos-84-en-14-parroquias-reducen-puntos-criticos-de-desechos-se-reducen-un-80-en-maracaibo\/","title":{"rendered":"\u00a1ATENDIDOS 84 EN 14 PARROQUIAS! Reducen puntos cr\u00edticos de desechos se reducen un 80 % en Maracaibo"},"content":{"rendered":"\n<p><strong>ENTRE TORMENTAS. <\/strong>La atenci\u00f3n de los denominados puntos cr\u00edticos de la ciudad se hizo prioridad para la Alcald\u00eda de Maracaibo a trav\u00e9s del Instituto Municipal de Aseo Urbano (IMAU) en los primeros 15 de enero, logrando la reducci\u00f3n de estos espacios llenos desechos s\u00f3lidos en un 80 por ciento.<\/p>\n\n\n\n<p>Marco Rivero, presidente del IMAU, destac\u00f3 la atenci\u00f3n especial que recibieron los denominados puntos cr\u00edticos, dejando como resultado el saneamiento de m\u00e1s de 80, ubicados en 14 parroquias de Maracaibo.<\/p>\n\n\n\n<p>\u201cCon estos 84 puntos que hemos atendido durante los primeros 15 d\u00edas del mes de enero, logramos recoger aproximadamente cinco mil toneladas de desechos s\u00f3lidos con maquinaria, camiones volteos y los ambientalistas. Esto nos permite decir que los puntos cr\u00edticos se redujeron un 80 por ciento\u201d, explic\u00f3 Rivero.<\/p>\n\n\n\n<p>Rivero explic\u00f3 que se considera punto cr\u00edtico el espacio con m\u00e1s de un metro c\u00fabico de desechos s\u00f3lidos regados y sin bolsas.<\/p>\n\n\n\n<figure class=\"wp-block-image size-large\"><img fetchpriority=\"high\" decoding=\"async\" width=\"1024\" height=\"678\" src=\"https:\/\/entretormentas.com\/wp-content\/uploads\/2025\/01\/image-521-1024x678.png\" alt=\"\" class=\"wp-image-12976\" srcset=\"https:\/\/entretormentas.com\/wp-content\/uploads\/2025\/01\/image-521-1024x678.png 1024w, https:\/\/entretormentas.com\/wp-content\/uploads\/2025\/01\/image-521-300x199.png 300w, https:\/\/entretormentas.com\/wp-content\/uploads\/2025\/01\/image-521-768x509.png 768w, https:\/\/entretormentas.com\/wp-content\/uploads\/2025\/01\/image-521.png 1280w\" sizes=\"(max-width: 1024px) 100vw, 1024px\" \/><\/figure>\n\n\n\n<p>Los puntos cr\u00edticos saneados est\u00e1n distribuidos en la parroquia Cristo de Aranza con 14, la mayor cantidad atendida, seguida de Olegario Villalobos con 12, Chiquinquir\u00e1 y Cecilio Acosta con ocho cada uno, Manuel Dagnino con siete, Ra\u00fal Leoni con cinco, Francisco Eugenio Bustamante con cuatro, Coquivacoa, Venancio Pulgar, Antonio Borjas Romero y Santa Lucia con tres cada una, as\u00ed como tambi\u00e9n Juana de \u00c1vila y Caracciolo Parra P\u00e9rez con dos puntos cada uno y una atenci\u00f3n en Luis Hurtado Higuera.<\/p>\n\n\n\n<p>Asimismo, el presidente del IMAU indic\u00f3 que se atendieron en este per\u00edodo nueve puntos en los corredores viales de la Circunvalaci\u00f3n 2 y cinco de la Circunvalaci\u00f3n 1.<\/p>\n\n\n\n<p>\u201cEn la C1 destacan los puntos de Atagro, bajante de Pomona y de EPA, mientras que, en la C2, resaltan el de Hospital Madre Rafols, Costillal del Diablo y la ca\u00f1ada que est\u00e1 cerca del Centro Comercial Hogaret\u201d, expres\u00f3 el Director del IMAU.<\/p>\n\n\n\n<p>Recalc\u00f3 que el trabajo constante en el IMAU se mantiene para garantizar un municipio limpio y verde. El Director aprovech\u00f3 para hacer llamado a los marabinos conscientes a que saquen los desechos cuando corresponda en funci\u00f3n al cronograma de recolecci\u00f3n.<\/p>\n\n\n\n<p>Dainy Medina, habitante del sector Santa Ana, de la parroquia Cristo de Aranza, destac\u00f3 que ya se nota que est\u00e1 funcionando efectivamente la recolecci\u00f3n de desechos. \u201cHay menos basura en calle. El aseo por este sector est\u00e1 pasando dos veces a la semana, los lunes y los jueves\u201d.<\/p>\n\n\n\n<p>\u201cLa recolecci\u00f3n viene funcionando con normalidad y no ya no se ve la basura en las aceras acumuladas\u201d, manifest\u00f3 Tubalcain Andrade, trabajador del centro de Maracaibo.<br><strong><em>ET \/ DCI Alcald\u00eda de Maracaibo<\/em><\/strong><\/p>\n\n\n\n<p><\/p>\n","protected":false},"excerpt":{"rendered":"<p>ENTRE TORMENTAS. La atenci\u00f3n de los denominados puntos cr\u00edticos de la ciudad se hizo prioridad&#8230;<\/p>\n","protected":false},"author":2,"featured_media":12977,"comment_status":"closed","ping_status":"open","sticky":false,"template":"","format":"standard","meta":{"footnotes":""},"categories":[57,1],"tags":[],"class_list":["post-12975","post","type-post","status-publish","format-standard","has-post-thumbnail","hentry","category-actualidad","category-regionales"],"_links":{"self":[{"href":"https:\/\/entretormentas.com\/index.php?rest_route=\/wp\/v2\/posts\/12975","targetHints":{"allow":["GET"]}}],"collection":[{"href":"https:\/\/entretormentas.com\/index.php?rest_route=\/wp\/v2\/posts"}],"about":[{"href":"https:\/\/entretormentas.com\/index.php?rest_route=\/wp\/v2\/types\/post"}],"author":[{"embeddable":true,"href":"https:\/\/entretormentas.com\/index.php?rest_route=\/wp\/v2\/users\/2"}],"replies":[{"embeddable":true,"href":"https:\/\/entretormentas.com\/index.php?rest_route=%2Fwp%2Fv2%2Fcomments&post=12975"}],"version-history":[{"count":1,"href":"https:\/\/entretormentas.com\/index.php?rest_route=\/wp\/v2\/posts\/12975\/revisions"}],"predecessor-version":[{"id":12978,"href":"https:\/\/entretormentas.com\/index.php?rest_route=\/wp\/v2\/posts\/12975\/revisions\/12978"}],"wp:featuredmedia":[{"embeddable":true,"href":"https:\/\/entretormentas.com\/index.php?rest_route=\/wp\/v2\/media\/12977"}],"wp:attachment":[{"href":"https:\/\/entretormentas.com\/index.php?rest_route=%2Fwp%2Fv2%2Fmedia&parent=12975"}],"wp:term":[{"taxonomy":"category","embeddable":true,"href":"https:\/\/entretormentas.com\/index.php?rest_route=%2Fwp%2Fv2%2Fcategories&post=12975"},{"taxonomy":"post_tag","embeddable":true,"href":"https:\/\/entretormentas.com\/index.php?rest_route=%2Fwp%2Fv2%2Ftags&post=12975"}],"curies":[{"name":"wp","href":"https:\/\/api.w.org\/{rel}","templated":true}]}}