{"id":12983,"date":"2025-01-31T09:50:25","date_gmt":"2025-01-31T08:50:25","guid":{"rendered":"https:\/\/entretormentas.com\/?p=12983"},"modified":"2025-01-31T09:50:25","modified_gmt":"2025-01-31T08:50:25","slug":"anuncio-esperado-eeuu-reanuda-expedicion-de-visas-en-colombia-desde-el-viernes-31-ene","status":"publish","type":"post","link":"https:\/\/entretormentas.com\/anuncio-esperado-eeuu-reanuda-expedicion-de-visas-en-colombia-desde-el-viernes-31-ene\/","title":{"rendered":"\u00a1ANUNCIO ESPERADO! EEUU reanuda expedici\u00f3n de visas en Colombia desde el viernes 31-Ene"},"content":{"rendered":"\n<p><strong>ENTRE TORMENTAS. <\/strong>El Ministerio de Relaciones Exteriores de Colombia inform\u00f3 este jueves 30 de enero que el Gobierno de Estados Unidos (EEUU) decidi\u00f3 reabrir el servicio consular en Bogot\u00e1 desde el viernes 31, con lo que se reanuda el tr\u00e1mite para la solicitud de visado en el vecino pa\u00eds.<\/p>\n\n\n\n<p>A trav\u00e9s de un comunicado publicado en redes sociales, la Canciller\u00eda de Colombia resalt\u00f3 el trabajo que los equipos diplom\u00e1ticos de los dos pa\u00edses para mantener los canales diplom\u00e1ticos de interlocuci\u00f3n, debido a que son \u00absocios estrat\u00e9gicos\u00bb.<\/p>\n\n\n\n<p>El Ministerio de Relaciones Exteriores expresa su satisfacci\u00f3n por la decisi\u00f3n del gobierno de Estados Unidos de restablecer desde ma\u00f1ana viernes 31 de enero las actividades de la secci\u00f3n consular de su Embajada en Bogot\u00e1 y el otorgamiento de visas para este pa\u00eds.<\/p>\n\n\n\n<p>El 27 de enero, el embajador de Colombia en EEUU, Daniel Garc\u00eda-Pe\u00f1a, estimaba que el tema de la suspensi\u00f3n de expedici\u00f3n de visas a los ciudadanos se iba a solventar una vez llegaran los aviones de la Fuerza A\u00e9rea Colombiana al territorio del vecino pa\u00eds con los deportados de Estados Unidos, esto como parte del acuerdo al que llegaron los equipos diplom\u00e1ticos de los dos pa\u00edses.<\/p>\n\n\n\n<p>En entrevista concedida a Caracol Radio, Garc\u00eda-Pe\u00f1a dijo, sin embargo, que no se atreve a decir cu\u00e1ndo se normalizar\u00e1 el tr\u00e1mite de las visas; aunque dijo que se esperaba que el martes 28 o mi\u00e9rcoles 29 de enero pudiera normalizarse el proceso.<\/p>\n\n\n\n<p>Manifest\u00f3 que el equipo estadounidense, encabezado por Mauricio Claver-Carone, trabaj\u00f3 durante todo el d\u00eda domingo con los funcionarios colombianos para superar el impasse; generado por declaraciones in crescendo en redes sociales entre Gustavo Petro y Donald Trump. En ese sentido, explic\u00f3 que en dichas plataformas, muchas veces, se usan t\u00e9rminos que no van en concordancia con el lenguaje diplom\u00e1tico y acot\u00f3 que, a pesar de ello, se logr\u00f3 dar prioridad a la relaci\u00f3n binacional y a los canales diplom\u00e1ticos.<br><strong><em>ET \/ Agencias<\/em><\/strong><\/p>\n","protected":false},"excerpt":{"rendered":"<p>ENTRE TORMENTAS. El Ministerio de Relaciones Exteriores de Colombia inform\u00f3 este jueves 30 de enero&#8230;<\/p>\n","protected":false},"author":2,"featured_media":12984,"comment_status":"closed","ping_status":"open","sticky":false,"template":"","format":"standard","meta":{"footnotes":""},"categories":[56,48],"tags":[],"class_list":["post-12983","post","type-post","status-publish","format-standard","has-post-thumbnail","hentry","category-destacadas","category-internacionales"],"_links":{"self":[{"href":"https:\/\/entretormentas.com\/index.php?rest_route=\/wp\/v2\/posts\/12983","targetHints":{"allow":["GET"]}}],"collection":[{"href":"https:\/\/entretormentas.com\/index.php?rest_route=\/wp\/v2\/posts"}],"about":[{"href":"https:\/\/entretormentas.com\/index.php?rest_route=\/wp\/v2\/types\/post"}],"author":[{"embeddable":true,"href":"https:\/\/entretormentas.com\/index.php?rest_route=\/wp\/v2\/users\/2"}],"replies":[{"embeddable":true,"href":"https:\/\/entretormentas.com\/index.php?rest_route=%2Fwp%2Fv2%2Fcomments&post=12983"}],"version-history":[{"count":1,"href":"https:\/\/entretormentas.com\/index.php?rest_route=\/wp\/v2\/posts\/12983\/revisions"}],"predecessor-version":[{"id":12985,"href":"https:\/\/entretormentas.com\/index.php?rest_route=\/wp\/v2\/posts\/12983\/revisions\/12985"}],"wp:featuredmedia":[{"embeddable":true,"href":"https:\/\/entretormentas.com\/index.php?rest_route=\/wp\/v2\/media\/12984"}],"wp:attachment":[{"href":"https:\/\/entretormentas.com\/index.php?rest_route=%2Fwp%2Fv2%2Fmedia&parent=12983"}],"wp:term":[{"taxonomy":"category","embeddable":true,"href":"https:\/\/entretormentas.com\/index.php?rest_route=%2Fwp%2Fv2%2Fcategories&post=12983"},{"taxonomy":"post_tag","embeddable":true,"href":"https:\/\/entretormentas.com\/index.php?rest_route=%2Fwp%2Fv2%2Ftags&post=12983"}],"curies":[{"name":"wp","href":"https:\/\/api.w.org\/{rel}","templated":true}]}}