{"id":12992,"date":"2025-01-31T09:55:52","date_gmt":"2025-01-31T08:55:52","guid":{"rendered":"https:\/\/entretormentas.com\/?p=12992"},"modified":"2025-01-31T09:55:52","modified_gmt":"2025-01-31T08:55:52","slug":"postulacion-de-candidaturas-para-el-25-f-cne-presenta-cronograma-para-las-elecciones-del-27-a","status":"publish","type":"post","link":"https:\/\/entretormentas.com\/postulacion-de-candidaturas-para-el-25-f-cne-presenta-cronograma-para-las-elecciones-del-27-a\/","title":{"rendered":"\u00a1POSTULACI\u00d3N DE CANDIDATURAS PARA EL 25-F! CNE presenta cronograma para las elecciones del 27-A"},"content":{"rendered":"\n<p><strong>ENTRE TORMENTAS.<\/strong> Este jueves el Consejo Nacional Electoral (CNE), present\u00f3 el cronograma electoral para las legislativas y regionales pautadas para el 27 de abril de 2025, rese\u00f1\u00f3 Uni\u00f3n Radio.<\/p>\n\n\n\n<p>El corte del registro electoral preliminar se har\u00e1 el 19 de febrero y la decisi\u00f3n sobre la normativa para la consignaci\u00f3n de recaudos para la conformaci\u00f3n de grupos de electoras y electores e inciativa propia se har\u00e1 el 10 de febrero.<\/p>\n\n\n\n<p>El lapso de presentaci\u00f3n y modificaci\u00f3n de postulaciones se har\u00e1 el 25 de febrero, este mismo d\u00edas se llamar\u00e1 a los convocados a las organizaciones con fines pol\u00edticos a presentar a los autorizados para postular.<\/p>\n\n\n\n<p>Para el 26 de febrero se presentar\u00e1 el corte del registro electoral definitivo. La subsanaci\u00f3n de recaudos de postulaciones qued\u00f3 fijada para el 5 de marzo, as\u00ed como la admisi\u00f3n o rechazo de las postulaciones. La elaboraci\u00f3n del acta de cierre de postulaciones ser\u00e1 el 8 de marzo.<\/p>\n\n\n\n<p>La auditor\u00eda software m\u00e1quina de votaci\u00f3n se llevar\u00e1 los d\u00edas 17\/3\/2025 18\/3\/2025. Modificaci\u00f3n y sustituci\u00f3n de la postulaci\u00f3n lista tendr\u00e1 un lapso de 9 d\u00edas del 20 de marzo hasta el 28 de marzo.<\/p>\n\n\n\n<p>Acreditaci\u00f3n de testigos durar\u00e1 30 d\u00edas del 28\/3\/2025 al 26\/4\/2025. Despliegue y distribuci\u00f3n del material electoral a las entidades federales del 5\/4\/2025 hasta el 18\/4\/2025.<\/p>\n\n\n\n<p>El proceso comicial tendr\u00e1 un simulagro el 13 de abril. Mientras que la auditor\u00eda de infraestructura tecnol\u00f3gica electoral se har\u00e1 en 3 d\u00edas del 14\/4\/2025 al 16\/4\/2025.<\/p>\n\n\n\n<p>La recepci\u00f3n de m\u00e1quinas de votaci\u00f3n en los centros de votaci\u00f3n ser\u00e1 el 23\/4\/2025. El 25 de abril se har\u00e1 la instalaci\u00f3n de las mesas electorales.<\/p>\n\n\n\n<p>Finalmente, el 27 de abril est\u00e1 pautada la constituci\u00f3n de las mesas electorales para la celebraci\u00f3n del evento electoral.<br><strong><em>ET \/ Uni\u00f3n Radio<\/em><\/strong><\/p>\n\n\n\n<p><\/p>\n","protected":false},"excerpt":{"rendered":"<p>ENTRE TORMENTAS. Este jueves el Consejo Nacional Electoral (CNE), present\u00f3 el cronograma electoral para las&#8230;<\/p>\n","protected":false},"author":2,"featured_media":12993,"comment_status":"closed","ping_status":"open","sticky":false,"template":"","format":"standard","meta":{"footnotes":""},"categories":[56,49],"tags":[],"class_list":["post-12992","post","type-post","status-publish","format-standard","has-post-thumbnail","hentry","category-destacadas","category-nacionales"],"_links":{"self":[{"href":"https:\/\/entretormentas.com\/index.php?rest_route=\/wp\/v2\/posts\/12992","targetHints":{"allow":["GET"]}}],"collection":[{"href":"https:\/\/entretormentas.com\/index.php?rest_route=\/wp\/v2\/posts"}],"about":[{"href":"https:\/\/entretormentas.com\/index.php?rest_route=\/wp\/v2\/types\/post"}],"author":[{"embeddable":true,"href":"https:\/\/entretormentas.com\/index.php?rest_route=\/wp\/v2\/users\/2"}],"replies":[{"embeddable":true,"href":"https:\/\/entretormentas.com\/index.php?rest_route=%2Fwp%2Fv2%2Fcomments&post=12992"}],"version-history":[{"count":1,"href":"https:\/\/entretormentas.com\/index.php?rest_route=\/wp\/v2\/posts\/12992\/revisions"}],"predecessor-version":[{"id":12994,"href":"https:\/\/entretormentas.com\/index.php?rest_route=\/wp\/v2\/posts\/12992\/revisions\/12994"}],"wp:featuredmedia":[{"embeddable":true,"href":"https:\/\/entretormentas.com\/index.php?rest_route=\/wp\/v2\/media\/12993"}],"wp:attachment":[{"href":"https:\/\/entretormentas.com\/index.php?rest_route=%2Fwp%2Fv2%2Fmedia&parent=12992"}],"wp:term":[{"taxonomy":"category","embeddable":true,"href":"https:\/\/entretormentas.com\/index.php?rest_route=%2Fwp%2Fv2%2Fcategories&post=12992"},{"taxonomy":"post_tag","embeddable":true,"href":"https:\/\/entretormentas.com\/index.php?rest_route=%2Fwp%2Fv2%2Ftags&post=12992"}],"curies":[{"name":"wp","href":"https:\/\/api.w.org\/{rel}","templated":true}]}}