{"id":12995,"date":"2025-02-02T11:48:09","date_gmt":"2025-02-02T10:48:09","guid":{"rendered":"https:\/\/entretormentas.com\/?p=12995"},"modified":"2025-02-02T11:48:09","modified_gmt":"2025-02-02T10:48:09","slug":"atletas-tecnicos-y-asociaciones-destacadas-entregan-orden-al-merito-deportivo-ramon-monzant-en-san-francisco","status":"publish","type":"post","link":"https:\/\/entretormentas.com\/atletas-tecnicos-y-asociaciones-destacadas-entregan-orden-al-merito-deportivo-ramon-monzant-en-san-francisco\/","title":{"rendered":"\u00a1ATLETAS, T\u00c9CNICOS Y ASOCIACIONES DESTACADAS! Entregan Orden al M\u00e9rito Deportivo \u201cRam\u00f3n Monzant\u201d en san Francisco"},"content":{"rendered":"\n<p><strong>ENTRE TORMENTAS. <\/strong>El Concejo Municipal de San Francisco en Sesi\u00f3n Solemne conjuntamente con la Alcald\u00eda de San Francisco y el Instituto P\u00fablico Municipal de Deportes de San Francisco entregaron la Orden al M\u00e9rito Deportivo \u201cRam\u00f3n Monzant\u201d en su \u00fanica clase a los atletas, entrenadores, dirigentes, clubes o ligas m\u00e1s destacados del municipio en el a\u00f1o 2024.<\/p>\n\n\n\n<p>El acto se realiz\u00f3 en el auditorio Humberto Fern\u00e1ndez Mor\u00e1n de la Alcald\u00eda de San Francisco y cont\u00f3 con la participaci\u00f3n de Ram\u00f3n Monzant, hijo, como orador de orden, durante su intervenci\u00f3n record\u00f3 an\u00e9cdotas relacionadas con su padre.<\/p>\n\n\n\n<figure class=\"wp-block-image size-large\"><img fetchpriority=\"high\" decoding=\"async\" width=\"1024\" height=\"673\" src=\"https:\/\/entretormentas.com\/wp-content\/uploads\/2025\/02\/image-1-1024x673.png\" alt=\"\" class=\"wp-image-12997\" srcset=\"https:\/\/entretormentas.com\/wp-content\/uploads\/2025\/02\/image-1-1024x673.png 1024w, https:\/\/entretormentas.com\/wp-content\/uploads\/2025\/02\/image-1-300x197.png 300w, https:\/\/entretormentas.com\/wp-content\/uploads\/2025\/02\/image-1-768x505.png 768w, https:\/\/entretormentas.com\/wp-content\/uploads\/2025\/02\/image-1.png 1280w\" sizes=\"(max-width: 1024px) 100vw, 1024px\" \/><\/figure>\n\n\n\n<p>La orden al m\u00e9rito Ram\u00f3n Monzant en su \u00fanica clase se entreg\u00f3 en los renglones. Dirigente del a\u00f1o, entrenador, club o liga deportiva, atleta profesional del municipio sure\u00f1o y atleta aficionado, adem\u00e1s este a\u00f1o se entregaron tres menciones especiales a Alexander Delgado, ex secretario de deporte del estado Zulia y actual coach de las \u00c1guilas del Zulia, Yefferzon Miranda, primer \u00e1rbitro FIFA del municipio y Wilyer Abreu, primer jugador del municipio en haber ganado un guante de oro en las Grandes Ligas.<\/p>\n\n\n\n<p>Ambar Parra (Atleta de Gimnasia R\u00edtmica), Neila Ramos (Entrenadora de Gimnasia R\u00edtmica), Jyanny Osorio (Dirigente de F\u00fatbol), Deportivo Popular (Liga del a\u00f1o) y Jefferson Savarino (Atleta Profesional) recibieron la Orden al M\u00e9rito Deportivo Ram\u00f3n Monzant en su \u00fanica clase entregada por Jos\u00e9 Mart\u00ednez, presidente del Concejo Municipal de San Francisco y Gerardo Mu\u00f1oz, presidente del Instituto P\u00fablico Municipal de Deporte de San Francisco.<\/p>\n\n\n\n<p>\u201cFue dif\u00edcil decidir que nombre le \u00edbamos a dar a este premio, porque San Francisco ha tenido grandes atletas como Larry Sulbar\u00e1n, Betulio Gonz\u00e1lez, Adelis Fusil, Ram\u00f3n Monzant entre otros, pero Monzant adem\u00e1s de haber sido un gran pitcher, fue un ciudadano ejemplar, trabaj\u00f3 en la formaci\u00f3n de ni\u00f1os, levant\u00f3 a su familia en San Francisco y es un ejemplo para todas las generaciones de atletas, entrenadores, dirigentes y todos los que de alguna u otra forma hacen vida en el deporte\u201d, acot\u00f3 Gerardo Mu\u00f1oz.<\/p>\n\n\n\n<p>La Orden al M\u00e9rito Deportivo \u201cRam\u00f3n Monzant\u201d fue aprobada de manera un\u00e1nime en el 2023 por el Concejo Municipal de San Francisco que busca reconocer la labor de deportistas, entrenadores y dirigentes de la jurisdicci\u00f3n.<\/p>\n\n\n\n<p>La orden al m\u00e9rito deportivo \u201cRam\u00f3n Monzant\u201d cumpli\u00f3 su etapa de postulaci\u00f3n, la cual se produjo desde el 1 de diciembre de 2024 hasta el 15 de enero de 2025.<\/p>\n\n\n\n<p>Luego el jurado calificador integrado por miembros del Concejo Municipal, Alcald\u00eda de San Francisco, Instituto P\u00fablico Municipal de Deportes y prensa deportiva evaluaron las postulaciones y emitieron sus votos dando como resultados a los tres finalistas y ganadores en cada categor\u00eda.<\/p>\n\n\n\n<figure class=\"wp-block-image size-large\"><img decoding=\"async\" width=\"1024\" height=\"742\" src=\"https:\/\/entretormentas.com\/wp-content\/uploads\/2025\/02\/image-2-1024x742.png\" alt=\"\" class=\"wp-image-12998\" srcset=\"https:\/\/entretormentas.com\/wp-content\/uploads\/2025\/02\/image-2-1024x742.png 1024w, https:\/\/entretormentas.com\/wp-content\/uploads\/2025\/02\/image-2-300x217.png 300w, https:\/\/entretormentas.com\/wp-content\/uploads\/2025\/02\/image-2-768x556.png 768w, https:\/\/entretormentas.com\/wp-content\/uploads\/2025\/02\/image-2.png 1280w\" sizes=\"(max-width: 1024px) 100vw, 1024px\" \/><\/figure>\n\n\n\n<p><strong>CONDECORADOS<\/strong><\/p>\n\n\n\n<ul class=\"wp-block-list\">\n<li>Ambar Parra (Atleta): \u201cPrimero le doy muchas gracias a Dios a mis padres y a todas las personas que me han ayudado en este camino\u201d<\/li>\n\n\n\n<li>Carlos Ferrer (Entrenador de Baloncesto: \u201cPara Titanes del Caujaro como escuela de Baloncesto y para m\u00ed como entrenador es un placer haber estado entre los finalistas y esto es un impulso para seguir trabajando\u201d<\/li>\n\n\n\n<li>Alexander Delgado (Ex secretario de deportes y ex grandeliga): \u201cAgradecido con todo el equipo de trabajo de San Francisco por haberme tomado en cuenta, en honor a Ram\u00f3n Monzant uno de los grandes exponentes de nuestro b\u00e9isbol\u201d.<\/li>\n\n\n\n<li>Neila Ramos (Entrenadora): \u201cFeliz de cerrar este ciclo en mi carrera de esta manera, el a\u00f1o 2024 fue un a\u00f1o de muchos logros para San Francisco, para el estado Zulia y para Venezuela\u201d.<\/li>\n\n\n\n<li>Jyanny Osorio (Dirigente de F\u00fatbol): \u201cEsto es para todos en el Deportivo Popular, jugadores, entrenadores, representantes, coordinadores, esto es para todos\u201d.<\/li>\n\n\n\n<li>Jefferzon Miranda (\u00c1rbitro FIFA): \u201cEste logro es el honor a mi padre que siempre me apoy\u00f3 y ser el primer \u00e1rbitro FIFA de San Francisco nos motiva a seguir trabando\u201d.<br><strong><em>ET \/ Alcald\u00eda de San Francisco<\/em><\/strong><\/li>\n<\/ul>\n\n\n\n<p><\/p>\n","protected":false},"excerpt":{"rendered":"<p>ENTRE TORMENTAS. El Concejo Municipal de San Francisco en Sesi\u00f3n Solemne conjuntamente con la Alcald\u00eda&#8230;<\/p>\n","protected":false},"author":2,"featured_media":12996,"comment_status":"closed","ping_status":"open","sticky":false,"template":"","format":"standard","meta":{"footnotes":""},"categories":[57,53],"tags":[],"class_list":["post-12995","post","type-post","status-publish","format-standard","has-post-thumbnail","hentry","category-actualidad","category-deportes"],"_links":{"self":[{"href":"https:\/\/entretormentas.com\/index.php?rest_route=\/wp\/v2\/posts\/12995","targetHints":{"allow":["GET"]}}],"collection":[{"href":"https:\/\/entretormentas.com\/index.php?rest_route=\/wp\/v2\/posts"}],"about":[{"href":"https:\/\/entretormentas.com\/index.php?rest_route=\/wp\/v2\/types\/post"}],"author":[{"embeddable":true,"href":"https:\/\/entretormentas.com\/index.php?rest_route=\/wp\/v2\/users\/2"}],"replies":[{"embeddable":true,"href":"https:\/\/entretormentas.com\/index.php?rest_route=%2Fwp%2Fv2%2Fcomments&post=12995"}],"version-history":[{"count":1,"href":"https:\/\/entretormentas.com\/index.php?rest_route=\/wp\/v2\/posts\/12995\/revisions"}],"predecessor-version":[{"id":12999,"href":"https:\/\/entretormentas.com\/index.php?rest_route=\/wp\/v2\/posts\/12995\/revisions\/12999"}],"wp:featuredmedia":[{"embeddable":true,"href":"https:\/\/entretormentas.com\/index.php?rest_route=\/wp\/v2\/media\/12996"}],"wp:attachment":[{"href":"https:\/\/entretormentas.com\/index.php?rest_route=%2Fwp%2Fv2%2Fmedia&parent=12995"}],"wp:term":[{"taxonomy":"category","embeddable":true,"href":"https:\/\/entretormentas.com\/index.php?rest_route=%2Fwp%2Fv2%2Fcategories&post=12995"},{"taxonomy":"post_tag","embeddable":true,"href":"https:\/\/entretormentas.com\/index.php?rest_route=%2Fwp%2Fv2%2Ftags&post=12995"}],"curies":[{"name":"wp","href":"https:\/\/api.w.org\/{rel}","templated":true}]}}