{"id":13009,"date":"2025-02-02T11:59:16","date_gmt":"2025-02-02T10:59:16","guid":{"rendered":"https:\/\/entretormentas.com\/?p=13009"},"modified":"2025-02-02T11:59:16","modified_gmt":"2025-02-02T10:59:16","slug":"de-gira-por-la-col-rosales-inaugura-el-corredor-vial-n-en-lagunillas","status":"publish","type":"post","link":"https:\/\/entretormentas.com\/de-gira-por-la-col-rosales-inaugura-el-corredor-vial-n-en-lagunillas\/","title":{"rendered":"\u00a1DE GIRA POR LA COL! Rosales inaugura el Corredor Vial N en Lagunillas"},"content":{"rendered":"\n<p><strong>ENTRE TORMENTAS. <\/strong>Continuando con su recorrido por diferentes municipios de la regi\u00f3n, el gobernador del Zulia, Manuel Rosales, visit\u00f3 este s\u00e1bado, 1 de febrero, varios sectores de Lagunillas, donde se desplegaron los programas Con Buenos Ojos, Mercados Populares y la inauguraci\u00f3n de los trabajos de construcci\u00f3n, recuperaci\u00f3n y modernizaci\u00f3n de la famosa Carretera N.<\/p>\n\n\n\n<p>Acompa\u00f1ado con miembros de su equipo de trabajo, Rosales arrib\u00f3 a la Cancha de Usos M\u00faltiples del sector \u00abRafael Mar\u00eda Baralt\u00bb, parroquia Libertad, donde se desarroll\u00f3 el Programa Con Buenos Ojos, que beneficia a los residentes de las comunidades \u00abSim\u00f3n Bol\u00edvar\u00bb I, II y III, Rodeo I y II, as\u00ed como a las familias de \u00abAlonso de Ojeda\u00bb, donde se atendieron un aproximado de 400 personas.<\/p>\n\n\n\n<figure class=\"wp-block-image size-large\"><img fetchpriority=\"high\" decoding=\"async\" width=\"1024\" height=\"682\" src=\"https:\/\/entretormentas.com\/wp-content\/uploads\/2025\/02\/image-10-1024x682.png\" alt=\"\" class=\"wp-image-13012\" srcset=\"https:\/\/entretormentas.com\/wp-content\/uploads\/2025\/02\/image-10-1024x682.png 1024w, https:\/\/entretormentas.com\/wp-content\/uploads\/2025\/02\/image-10-300x200.png 300w, https:\/\/entretormentas.com\/wp-content\/uploads\/2025\/02\/image-10-768x512.png 768w, https:\/\/entretormentas.com\/wp-content\/uploads\/2025\/02\/image-10-1536x1024.png 1536w, https:\/\/entretormentas.com\/wp-content\/uploads\/2025\/02\/image-10-2048x1365.png 2048w\" sizes=\"(max-width: 1024px) 100vw, 1024px\" \/><\/figure>\n\n\n\n<p>All\u00ed se hizo la remisi\u00f3n, para la detenci\u00f3n de afecciones de la vista como Miop\u00eda, Hipermetrop\u00eda, Astigmatismo y Presbicia. Quienes presenten algunas de estas patolog\u00edas a la vuelta de un mes recibir\u00e1n sus lentes de forma gratuita. A quienes se le detecten Cataratas o Pterigi\u00f3n se remiten al Programa Signo Vital, a trav\u00e9s del cual ser\u00e1 operado.<\/p>\n\n\n\n<p>El gobernador Rosales se traslad\u00f3 m\u00e1s tarde a la Cancha de Usos M\u00faltiples Los 7 Hermanos del sector \u00abEleazar L\u00f3pez Contreras\u00bb, I y II Etapa, parroquia Paraute-Alonso de Ojeda\u00bb. All\u00ed se despleg\u00f3 el Programa Mercados Populares, que benefici\u00f3 a los habitantes de Primero de Mayo, Monterrey, Los Samanes, \u00abJos\u00e9 Felix Rivas\u00bb, Los Robles y San Agust\u00edn. \u00abAqu\u00ed estamos con productos de primera necesidad, a precios con subsidios de hasta 50%. Arroz Mary, Harina PAN, leche San Sim\u00f3n, mantequilla, pollos, huevos, queso y otros productos, vendidos al mayor y detal o en combo\u00bb.<\/p>\n\n\n\n<p>Para finalizar su gira por el municipio Lagunillas el gobernador Rosales inaugur\u00f3 los trabajos de construcci\u00f3n, recuperaci\u00f3n y modernizaci\u00f3n de la carretera N, ubicada en la parroquia \u00abAlonso de Ojeda\u00bb, donde sustituy\u00f3 108,00 metros lineales de colector en una \u00e1rea intervenida 42 mil 948, 95 metros lineales. A su vez, se suministraron 4 mil 782, 85 toneladas de mezcla asf\u00e1ltica, incluyendo la demarcaci\u00f3n, colocaci\u00f3n de ojos de gato doble cara, se\u00f1al\u00e9ticas en calles y avenidas, pasa calles y p\u00f3rticos peatonales.<\/p>\n\n\n\n<p>Afirm\u00f3 que esta calle debe llamarse Corredor Vial N, c\u00f3mo parte de la modernizaci\u00f3n, desarrollo y avance que requieren estas ciudades.<\/p>\n\n\n\n<p>Durante esta visita a Lagunillas, el Gobernador del estado Zulia estuvo acompa\u00f1ado por el alcalde de la entidad, Jos\u00e9 &#8216;Cheo&#8217; Mosquera. \u00abVen\u00eda conversando con \u00e9l sobre c\u00f3mo hab\u00eda cambiado Lagunillas, empezando por el ambiente, la buena vibra, despu\u00e9s de aquella sombra, pesadez que hab\u00eda antes. Hoy sentimos que el amor de la gente corre por sus calles. Que la paz sustituy\u00f3 al odio y la conflictividad. Era el cambio m\u00e1s importante: el espiritual, de actitud, de la gente para seguir creciendo a pesar de las dificultades\u00bb.<\/p>\n\n\n\n<p>Enfatiz\u00f3 que \u00abtenemos muchos problemas, conflictos nacionales, pero el pa\u00eds no se detiene y el Zulia mucho menos. Hoy estamos en este recorrido inaugurando obras, iniciando otras y desarrollando programas sociales, adem\u00e1s, de realizar reuniones de trabajo, de planeaci\u00f3n y estrategias. M\u00e1s que una inauguraci\u00f3n, esto es una entrega del Corredor Vial de la N a la colectividad, una de las v\u00edas m\u00e1s importantes de la Costa Oriental del Lago, que estaba en escombros, basura, huecos, colectores rotos, aceras y brocales destruidos, aguas blancas desbordadas que se un\u00edan a las aguas servidas\u00bb.<\/p>\n\n\n\n<figure class=\"wp-block-image size-large\"><img decoding=\"async\" width=\"1024\" height=\"682\" src=\"https:\/\/entretormentas.com\/wp-content\/uploads\/2025\/02\/image-9-1024x682.png\" alt=\"\" class=\"wp-image-13011\" srcset=\"https:\/\/entretormentas.com\/wp-content\/uploads\/2025\/02\/image-9-1024x682.png 1024w, https:\/\/entretormentas.com\/wp-content\/uploads\/2025\/02\/image-9-300x200.png 300w, https:\/\/entretormentas.com\/wp-content\/uploads\/2025\/02\/image-9-768x512.png 768w, https:\/\/entretormentas.com\/wp-content\/uploads\/2025\/02\/image-9-1536x1024.png 1536w, https:\/\/entretormentas.com\/wp-content\/uploads\/2025\/02\/image-9-2048x1365.png 2048w\" sizes=\"(max-width: 1024px) 100vw, 1024px\" \/><\/figure>\n\n\n\n<p><strong>INSPECCI\u00d3N DE OBRAS<\/strong><br>Seguidamente, Rosales visit\u00f3 el municipio Cabimas para inspeccionar los trabajos que se est\u00e1n desarrollando en el Centro Cl\u00ednico Ambulatorio El Lucero, espec\u00edficamente en la parte final del acondicionamiento, climatizaci\u00f3n, pintura y dotaci\u00f3n de equipos. \u201cAqu\u00ed estamos hablando de una inversi\u00f3n de casi medio mill\u00f3n de d\u00f3lares. Esto va a ser un centro important\u00edsimo de la Costa Oriental del Lago\u201d<\/p>\n\n\n\n<p>El Mandatario Regional destac\u00f3 igualmente que la Gobernaci\u00f3n del Zulia se encuentra ultimando detalles en este importante Ambulatorio. \u201cAspiramos inaugurar en las pr\u00f3ximas semanas y poner a funcionar este Centro Cl\u00ednico Ambulatorio que est\u00e1 quedando espectacular dentro de todos los requerimientos y exigencias que establecemos en lo que es un Centro Cl\u00ednico Moderno\u201d.<br><strong><em>ET \/ Nota de Prensa<\/em><\/strong><\/p>\n","protected":false},"excerpt":{"rendered":"<p>ENTRE TORMENTAS. Continuando con su recorrido por diferentes municipios de la regi\u00f3n, el gobernador del&#8230;<\/p>\n","protected":false},"author":2,"featured_media":13010,"comment_status":"closed","ping_status":"open","sticky":false,"template":"","format":"standard","meta":{"footnotes":""},"categories":[57,1],"tags":[],"class_list":["post-13009","post","type-post","status-publish","format-standard","has-post-thumbnail","hentry","category-actualidad","category-regionales"],"_links":{"self":[{"href":"https:\/\/entretormentas.com\/index.php?rest_route=\/wp\/v2\/posts\/13009","targetHints":{"allow":["GET"]}}],"collection":[{"href":"https:\/\/entretormentas.com\/index.php?rest_route=\/wp\/v2\/posts"}],"about":[{"href":"https:\/\/entretormentas.com\/index.php?rest_route=\/wp\/v2\/types\/post"}],"author":[{"embeddable":true,"href":"https:\/\/entretormentas.com\/index.php?rest_route=\/wp\/v2\/users\/2"}],"replies":[{"embeddable":true,"href":"https:\/\/entretormentas.com\/index.php?rest_route=%2Fwp%2Fv2%2Fcomments&post=13009"}],"version-history":[{"count":1,"href":"https:\/\/entretormentas.com\/index.php?rest_route=\/wp\/v2\/posts\/13009\/revisions"}],"predecessor-version":[{"id":13013,"href":"https:\/\/entretormentas.com\/index.php?rest_route=\/wp\/v2\/posts\/13009\/revisions\/13013"}],"wp:featuredmedia":[{"embeddable":true,"href":"https:\/\/entretormentas.com\/index.php?rest_route=\/wp\/v2\/media\/13010"}],"wp:attachment":[{"href":"https:\/\/entretormentas.com\/index.php?rest_route=%2Fwp%2Fv2%2Fmedia&parent=13009"}],"wp:term":[{"taxonomy":"category","embeddable":true,"href":"https:\/\/entretormentas.com\/index.php?rest_route=%2Fwp%2Fv2%2Fcategories&post=13009"},{"taxonomy":"post_tag","embeddable":true,"href":"https:\/\/entretormentas.com\/index.php?rest_route=%2Fwp%2Fv2%2Ftags&post=13009"}],"curies":[{"name":"wp","href":"https:\/\/api.w.org\/{rel}","templated":true}]}}