{"id":13027,"date":"2025-02-02T12:27:57","date_gmt":"2025-02-02T11:27:57","guid":{"rendered":"https:\/\/entretormentas.com\/?p=13027"},"modified":"2025-02-02T12:27:57","modified_gmt":"2025-02-02T11:27:57","slug":"traspaso-bomba-en-la-nba-los-lakers-reciben-a-luka-doncic-y-dallas-a-anthony-davis","status":"publish","type":"post","link":"https:\/\/entretormentas.com\/traspaso-bomba-en-la-nba-los-lakers-reciben-a-luka-doncic-y-dallas-a-anthony-davis\/","title":{"rendered":"\u00a1TRASPASO BOMBA EN LA NBA! Los Lakers reciben a Luka Doncic y Dallas a Anthony Davis"},"content":{"rendered":"\n<p><strong>ENTRE TORMENTAS. <\/strong>Terremoto en la NBA con uno de los traspasos m\u00e1s importantes e impactantes en la historia de la competici\u00f3n. Luka Doncic jugar\u00e1 con LeBron James en Los Angeles Lakers, mientras que los Dallas Mavericks recibir\u00e1n a Anthony Davis en un traspaso que involucra a varios jugadores m\u00e1s y a los Utah Jazz.<\/p>\n\n\n\n<p>El periodista de la ESPN Shams Charania solt\u00f3 la bomba de madrugada. Nadie se esperaba nada, pero ahora todo cambia en la lucha por el anillo. \u00abEste acuerdo se materializ\u00f3 en la sombra\u2026 LeBron James no ten\u00eda idea de que esto iba a suceder. Anthony Davis no ten\u00eda idea de que esto iba a suceder. Me dijeron que Luka Doncic todav\u00eda est\u00e1 sorprendido por este intercambio\u00bb, desvel\u00f3 Charania, un de las fuentes m\u00e1s fiables de la NBA.<\/p>\n\n\n\n<figure class=\"wp-block-image size-large\"><img fetchpriority=\"high\" decoding=\"async\" width=\"819\" height=\"1024\" src=\"https:\/\/entretormentas.com\/wp-content\/uploads\/2025\/02\/image-17-819x1024.png\" alt=\"\" class=\"wp-image-13029\" srcset=\"https:\/\/entretormentas.com\/wp-content\/uploads\/2025\/02\/image-17-819x1024.png 819w, https:\/\/entretormentas.com\/wp-content\/uploads\/2025\/02\/image-17-240x300.png 240w, https:\/\/entretormentas.com\/wp-content\/uploads\/2025\/02\/image-17-768x960.png 768w, https:\/\/entretormentas.com\/wp-content\/uploads\/2025\/02\/image-17-1024x1280.png 1024w, https:\/\/entretormentas.com\/wp-content\/uploads\/2025\/02\/image-17.png 1064w\" sizes=\"(max-width: 819px) 100vw, 819px\" \/><\/figure>\n\n\n\n<p><strong>LO QUE RECIBE CADA EQUIPO<\/strong><br>Los Lakers reciben a:<\/p>\n\n\n\n<ul class=\"wp-block-list\">\n<li>Luka Doncic, Maxi Kleber y Markieff Morris<\/li>\n<\/ul>\n\n\n\n<p>Los Mavericks reciben a:<\/p>\n\n\n\n<ul class=\"wp-block-list\">\n<li>Anthony Davis, Max Christie y una elecci\u00f3n de primera ronda del Draft de 2029 de los Lakers<\/li>\n<\/ul>\n\n\n\n<p>Los Jazz reciben a:<\/p>\n\n\n\n<ul class=\"wp-block-list\">\n<li>Jalen Hood-Schifino, una elecci\u00f3n de segunda ronda del Draft de 2025 de los Clippers y una elecci\u00f3n de segunda ronda de 2025 de los Mavericks<\/li>\n<\/ul>\n\n\n\n<p><strong>JUGADA DE DALLAS<\/strong><br>Seg\u00fan cuenta Shams Charania, fueron \u00ablos Mavericks\u00bb quienes \u00abse acercaron a los Lakers y ofrecieron a Luka Doncic\u00bb. Los directivos de los Lakers aceptaron negociar ya que creen que Doncic, de 25 a\u00f1os, puede ser el relevo de LeBron James, de 40 a\u00f1os, como su jugador franquicia durante la pr\u00f3xima d\u00e9cada.<\/p>\n\n\n\n<p>Aunque est\u00e1 lesionado desde el d\u00eda de Navidad, Doncic es una de las figuras con m\u00e1s presente y futuro en la NBA. Este a\u00f1o promedia 28,1 puntos, 8,3 rebotes y 7,8 asistencias por encuentro. Ha sido elegido cinco veces All-Star y la temporada pasada alcanz\u00f3 con los Mavericks las Finales de la NBA, donde cayeron frente a los Boston Celtics. Ahora ser\u00e1 el socio de un LeBron que busca su quinto anillo en su temporada 22 en la NBA.<\/p>\n\n\n\n<p>El periodista Dave McMenamin, que es el &#8216;insider&#8217; de los Lakers en ESPN, explic\u00f3 en X que LeBron supo del traspaso de Doncic a los Lakers durante una cena con su familia esta noche despu\u00e9s del triunfo de los angelinos en el Madison Square Garden frente a los New York Knicks. \u00abJames estaba sorprendido por la noticia, proces\u00e1ndolo y no ten\u00eda ni idea de que estaba en curso\u00bb, afirm\u00f3 McMenamin.<\/p>\n\n\n\n<p>Por su parte, Tim MacMahon, periodista de ESPN con un gran acceso en los Mavericks, asegur\u00f3 que la franquicia de Dallas ten\u00eda \u00abimportantes preocupaciones\u00bb sobre continuar con Doncic por sus contantes \u00abproblemas f\u00edsicos\u00bb y por la extensi\u00f3n de su mega contrato con el m\u00e1ximo l\u00edmite salarial que tiene que afrontar este verano.<\/p>\n\n\n\n<p>As\u00ed, la motivaci\u00f3n de los Mavericks para cambiar a Luka Doncic por Anthony Davis se basa en la defensa. \u00abCreo que conseguir un p\u00edvot All-Defensive y un jugador All-NBA con mentalidad defensiva nos da una mejor oportunidad. Estamos hechos para ganar ahora y en el futuro\u00bb, asegur\u00f3 Nico Harrison, GM de los Mavs, a ESPN.<\/p>\n\n\n\n<p>Davis, de 31 a\u00f1os, ha sido uno de los p\u00edvots m\u00e1s dominantes de la NBA en la \u00faltima d\u00e9cada. La Ceja conquist\u00f3 el anillo con los Lakers en 2020 en la &#8216;burbuja&#8217; de la pandemia y llega ahora a unos Mavericks que, sin Doncic por lesi\u00f3n, han ca\u00eddo hasta el octavo puesto del Oeste (26-23). En su plantilla destacan nombres como los de Kyrie Irving y Klay Thompson.<br><strong><em>ET \/ Agencias<\/em><\/strong><\/p>\n\n\n\n<p><\/p>\n","protected":false},"excerpt":{"rendered":"<p>ENTRE TORMENTAS. Terremoto en la NBA con uno de los traspasos m\u00e1s importantes e impactantes&#8230;<\/p>\n","protected":false},"author":2,"featured_media":13028,"comment_status":"closed","ping_status":"open","sticky":false,"template":"","format":"standard","meta":{"footnotes":""},"categories":[53,56],"tags":[],"class_list":["post-13027","post","type-post","status-publish","format-standard","has-post-thumbnail","hentry","category-deportes","category-destacadas"],"_links":{"self":[{"href":"https:\/\/entretormentas.com\/index.php?rest_route=\/wp\/v2\/posts\/13027","targetHints":{"allow":["GET"]}}],"collection":[{"href":"https:\/\/entretormentas.com\/index.php?rest_route=\/wp\/v2\/posts"}],"about":[{"href":"https:\/\/entretormentas.com\/index.php?rest_route=\/wp\/v2\/types\/post"}],"author":[{"embeddable":true,"href":"https:\/\/entretormentas.com\/index.php?rest_route=\/wp\/v2\/users\/2"}],"replies":[{"embeddable":true,"href":"https:\/\/entretormentas.com\/index.php?rest_route=%2Fwp%2Fv2%2Fcomments&post=13027"}],"version-history":[{"count":1,"href":"https:\/\/entretormentas.com\/index.php?rest_route=\/wp\/v2\/posts\/13027\/revisions"}],"predecessor-version":[{"id":13030,"href":"https:\/\/entretormentas.com\/index.php?rest_route=\/wp\/v2\/posts\/13027\/revisions\/13030"}],"wp:featuredmedia":[{"embeddable":true,"href":"https:\/\/entretormentas.com\/index.php?rest_route=\/wp\/v2\/media\/13028"}],"wp:attachment":[{"href":"https:\/\/entretormentas.com\/index.php?rest_route=%2Fwp%2Fv2%2Fmedia&parent=13027"}],"wp:term":[{"taxonomy":"category","embeddable":true,"href":"https:\/\/entretormentas.com\/index.php?rest_route=%2Fwp%2Fv2%2Fcategories&post=13027"},{"taxonomy":"post_tag","embeddable":true,"href":"https:\/\/entretormentas.com\/index.php?rest_route=%2Fwp%2Fv2%2Ftags&post=13027"}],"curies":[{"name":"wp","href":"https:\/\/api.w.org\/{rel}","templated":true}]}}