{"id":13072,"date":"2025-02-06T09:01:10","date_gmt":"2025-02-06T08:01:10","guid":{"rendered":"https:\/\/entretormentas.com\/?p=13072"},"modified":"2025-02-06T09:01:11","modified_gmt":"2025-02-06T08:01:11","slug":"zulia-destino-turistico-plan-bandera-de-corzutur-para-atraer-turistas-a-la-region","status":"publish","type":"post","link":"https:\/\/entretormentas.com\/zulia-destino-turistico-plan-bandera-de-corzutur-para-atraer-turistas-a-la-region\/","title":{"rendered":"ZULIA DESTINO TUR\u00cdSTICO: Plan bandera de Corzutur para atraer turistas a la regi\u00f3n"},"content":{"rendered":"\n<p><strong>ENTRE TORMENTAS.<\/strong> \u00abContamos con mucha diversidad de paisajes, con un ecosistema amplio. Somos beneficiados por Dios, por la naturaleza. Y debemos ir uniendo las piezas para poder salir adelante, porque el turismo es un proceso, y de acuerdo a ello estamos creando un producto que nos permita salir al mercado para competir y garantizar que las inversiones lleguen a la regi\u00f3n\u00bb.<\/p>\n\n\n\n<p>As\u00ed lo expres\u00f3 la presidenta de la Corporaci\u00f3n Zuliana de Turismo, Corzutur, Gladys Socorro, en el programa A Ocho Columnas, moderado por los periodistas Rafael Galicia y Rafael \u00c1ngel Galicia que transmite Radio Fe y Alegr\u00eda 88.1FM, quien manifest\u00f3 que el gobernador del Zulia, Manuel Rosales, en materia de Turismo, tambi\u00e9n le devolvi\u00f3 la esperanza a los zulianos: \u00abEstamos reconstruyendo nuestro Estado, y por supuesto dentro del sector econ\u00f3mico est\u00e1 el Turismo, que para el gobernador Rosales es pol\u00edtica de Estado, y en eso hemos venido trabajando con los tres niveles de gobierno\u00bb.<\/p>\n\n\n\n<figure class=\"wp-block-image size-large\"><img fetchpriority=\"high\" decoding=\"async\" width=\"1024\" height=\"577\" src=\"https:\/\/entretormentas.com\/wp-content\/uploads\/2025\/02\/image-39-1024x577.png\" alt=\"\" class=\"wp-image-13074\" srcset=\"https:\/\/entretormentas.com\/wp-content\/uploads\/2025\/02\/image-39-1024x577.png 1024w, https:\/\/entretormentas.com\/wp-content\/uploads\/2025\/02\/image-39-300x169.png 300w, https:\/\/entretormentas.com\/wp-content\/uploads\/2025\/02\/image-39-768x433.png 768w, https:\/\/entretormentas.com\/wp-content\/uploads\/2025\/02\/image-39.png 1080w\" sizes=\"(max-width: 1024px) 100vw, 1024px\" \/><\/figure>\n\n\n\n<p>En los actuales momentos Corzutur trabaja en la Ruta de Castilletes. Sus playas son un para\u00edso, por lo que el gobierno regional apuesta al turismo internacional, al turismo receptivo, con el firme prop\u00f3sito del mercado internacional. Para lo cual se requiere de alianzas tanto del sector p\u00fablico como del privado.<\/p>\n\n\n\n<p>Destac\u00f3 la presidenta de Corzutur que el gobierno nacional tiene inter\u00e9s en desarrollar el turismo del Zulia: \u00abPuso la mirada en el aviturismo, y en los espacios donde esta actividad pueda desarrollarse, como la Ci\u00e9naga Los Olivitos y la Sierra de Perij\u00e1\u00bb, pero, para que pueda ser aprovechada se requiere, adem\u00e1s de la voluntad, toda la infraestructura y la permisolog\u00eda a trav\u00e9s de los organismos gubernamentales, nacional, regional y municipal.<\/p>\n\n\n\n<p>Corzutur visitar\u00e1 el estado Lara el pr\u00f3ximo 14 de febrero de 2025 para dar a conocer y vender al &#8216;Zulia Destino Tur\u00edstico&#8217;. El plan bandera de la Gobernaci\u00f3n del Estado, que busca mostrar todas las bondades de esta gran regi\u00f3n, sus ventajas competitivas y cualitativas para entrar en el mercado nacional del turismo y atraer el inter\u00e9s de la industria tur\u00edstica y, por ende, de los turistas nacionales y locales.<\/p>\n\n\n\n<p><strong>CARNAVAL ZULIANO<\/strong><br>\u00abYa estamos montados y felices en el Carnaval Zulia 2025. El desfile tradicional ser\u00e1 el s\u00e1bado 1 de marzo, e invitamos a todos los interesados en participar a formalizar sus inscripciones, porque esperamos superar la meta del a\u00f1o pasado, de 4mil 500 participantes\u00bb, dijo Socorro.<\/p>\n\n\n\n<figure class=\"wp-block-image size-large\"><img decoding=\"async\" width=\"1024\" height=\"700\" src=\"https:\/\/entretormentas.com\/wp-content\/uploads\/2025\/02\/image-40-1024x700.png\" alt=\"\" class=\"wp-image-13075\" srcset=\"https:\/\/entretormentas.com\/wp-content\/uploads\/2025\/02\/image-40-1024x700.png 1024w, https:\/\/entretormentas.com\/wp-content\/uploads\/2025\/02\/image-40-300x205.png 300w, https:\/\/entretormentas.com\/wp-content\/uploads\/2025\/02\/image-40-768x525.png 768w, https:\/\/entretormentas.com\/wp-content\/uploads\/2025\/02\/image-40-1536x1050.png 1536w, https:\/\/entretormentas.com\/wp-content\/uploads\/2025\/02\/image-40-2048x1400.png 2048w\" sizes=\"(max-width: 1024px) 100vw, 1024px\" \/><\/figure>\n\n\n\n<p>Explic\u00f3 que la convocatoria est\u00e1 abierta para todos, empresas privadas, alcald\u00edas, organismos nacionales y locales, colegios p\u00fablicos y privados, y cualquier instituci\u00f3n que desee participar en estas fiestas carnestolendas. El punto de contacto por Instagram es @secturismogob y el correo electr\u00f3nico es corzutur2022@gmail.com. Pueden escribir all\u00ed para que se les pueda hacer llegar las planillas correspondientes de inscripci\u00f3n, toda la informaci\u00f3n pertinente y las normativas del evento.&nbsp;<\/p>\n\n\n\n<p>Las categor\u00edas son disfraces\u00a0 comparsas, carrozas, carros aleg\u00f3ricos, comparsas escolares, entre otras. Las oficinas de Corzutur est\u00e1n ubicados en el edificio Lieja entre avenidas 5 de Julio y Dr. Portillo. Tienen oportunidad hasta el 13 de febrero para poder inscribirse \u00a1Est\u00e1n todos invitados!<br><strong><em>ET \/ Nota de Prensa<\/em><\/strong><\/p>\n","protected":false},"excerpt":{"rendered":"<p>ENTRE TORMENTAS. \u00abContamos con mucha diversidad de paisajes, con un ecosistema amplio. Somos beneficiados por&#8230;<\/p>\n","protected":false},"author":2,"featured_media":13073,"comment_status":"closed","ping_status":"open","sticky":false,"template":"","format":"standard","meta":{"footnotes":""},"categories":[57,1],"tags":[],"class_list":["post-13072","post","type-post","status-publish","format-standard","has-post-thumbnail","hentry","category-actualidad","category-regionales"],"_links":{"self":[{"href":"https:\/\/entretormentas.com\/index.php?rest_route=\/wp\/v2\/posts\/13072","targetHints":{"allow":["GET"]}}],"collection":[{"href":"https:\/\/entretormentas.com\/index.php?rest_route=\/wp\/v2\/posts"}],"about":[{"href":"https:\/\/entretormentas.com\/index.php?rest_route=\/wp\/v2\/types\/post"}],"author":[{"embeddable":true,"href":"https:\/\/entretormentas.com\/index.php?rest_route=\/wp\/v2\/users\/2"}],"replies":[{"embeddable":true,"href":"https:\/\/entretormentas.com\/index.php?rest_route=%2Fwp%2Fv2%2Fcomments&post=13072"}],"version-history":[{"count":1,"href":"https:\/\/entretormentas.com\/index.php?rest_route=\/wp\/v2\/posts\/13072\/revisions"}],"predecessor-version":[{"id":13076,"href":"https:\/\/entretormentas.com\/index.php?rest_route=\/wp\/v2\/posts\/13072\/revisions\/13076"}],"wp:featuredmedia":[{"embeddable":true,"href":"https:\/\/entretormentas.com\/index.php?rest_route=\/wp\/v2\/media\/13073"}],"wp:attachment":[{"href":"https:\/\/entretormentas.com\/index.php?rest_route=%2Fwp%2Fv2%2Fmedia&parent=13072"}],"wp:term":[{"taxonomy":"category","embeddable":true,"href":"https:\/\/entretormentas.com\/index.php?rest_route=%2Fwp%2Fv2%2Fcategories&post=13072"},{"taxonomy":"post_tag","embeddable":true,"href":"https:\/\/entretormentas.com\/index.php?rest_route=%2Fwp%2Fv2%2Ftags&post=13072"}],"curies":[{"name":"wp","href":"https:\/\/api.w.org\/{rel}","templated":true}]}}