{"id":13092,"date":"2025-02-06T09:15:34","date_gmt":"2025-02-06T08:15:34","guid":{"rendered":"https:\/\/entretormentas.com\/?p=13092"},"modified":"2025-02-06T09:15:35","modified_gmt":"2025-02-06T08:15:35","slug":"rechaza-la-abstencion-henrique-capriles-anuncia-que-votara-en-las-elecciones-del-27-abr","status":"publish","type":"post","link":"https:\/\/entretormentas.com\/rechaza-la-abstencion-henrique-capriles-anuncia-que-votara-en-las-elecciones-del-27-abr\/","title":{"rendered":"\u00a1RECHAZA LA ABSTENCI\u00d3N! Henrique Capriles anuncia que votar\u00e1 en las elecciones del 27-Abr"},"content":{"rendered":"\n<p><strong>ENTRE TORMENTAS. <\/strong>El dirigente pol\u00edtico y exgobernador del estado Miranda, Henrique Capriles, anunci\u00f3 que participar\u00e1 en las elecciones regionales y parlamentarias convocadas para el pr\u00f3ximo 27 de abril.<\/p>\n\n\n\n<p>El tambi\u00e9n excandidato presidencial, declar\u00f3 que no apoyar\u00e1 el llamado a la abstenci\u00f3n para las pr\u00f3ximas elecciones.<\/p>\n\n\n\n<p>\u00abAlguien dir\u00eda por all\u00ed, votamos y nos robaron, pero si no hubi\u00e9ramos votado no tendr\u00edamos la legitimidad que tenemos hoy, no solo en el pa\u00eds, sino en el mundo \u00bfCu\u00e1l hubiera sido la realidad si el 28 de julio no hubi\u00e9ramos presentado un candidato y no hubi\u00e9ramos votado?\u00bb, expres\u00f3 Capriles a trav\u00e9s de un audio de WhatsApp.<\/p>\n\n\n\n<p>\u00abNo se logra absolutamente nada qued\u00e1ndose en la casa. Yo respeto al que diga que no quiere hacerlo, pero para m\u00ed es una manera de reivindicar el 28J\u00bb.<\/p>\n\n\n\n<p>El anuncio de Capriles llega cuando desde la oposici\u00f3n liderada por Mar\u00eda Corina Machado y Edmundo Gonz\u00e1lez, han rechazado la convocatoria a elecciones, tras los resultados de las presidenciales del 28 de julio.<br><strong><em>ET \/ Diario 2001<\/em><\/strong><\/p>\n","protected":false},"excerpt":{"rendered":"<p>ENTRE TORMENTAS. El dirigente pol\u00edtico y exgobernador del estado Miranda, Henrique Capriles, anunci\u00f3 que participar\u00e1&#8230;<\/p>\n","protected":false},"author":2,"featured_media":13093,"comment_status":"closed","ping_status":"open","sticky":false,"template":"","format":"standard","meta":{"footnotes":""},"categories":[56,49],"tags":[],"class_list":["post-13092","post","type-post","status-publish","format-standard","has-post-thumbnail","hentry","category-destacadas","category-nacionales"],"_links":{"self":[{"href":"https:\/\/entretormentas.com\/index.php?rest_route=\/wp\/v2\/posts\/13092","targetHints":{"allow":["GET"]}}],"collection":[{"href":"https:\/\/entretormentas.com\/index.php?rest_route=\/wp\/v2\/posts"}],"about":[{"href":"https:\/\/entretormentas.com\/index.php?rest_route=\/wp\/v2\/types\/post"}],"author":[{"embeddable":true,"href":"https:\/\/entretormentas.com\/index.php?rest_route=\/wp\/v2\/users\/2"}],"replies":[{"embeddable":true,"href":"https:\/\/entretormentas.com\/index.php?rest_route=%2Fwp%2Fv2%2Fcomments&post=13092"}],"version-history":[{"count":1,"href":"https:\/\/entretormentas.com\/index.php?rest_route=\/wp\/v2\/posts\/13092\/revisions"}],"predecessor-version":[{"id":13094,"href":"https:\/\/entretormentas.com\/index.php?rest_route=\/wp\/v2\/posts\/13092\/revisions\/13094"}],"wp:featuredmedia":[{"embeddable":true,"href":"https:\/\/entretormentas.com\/index.php?rest_route=\/wp\/v2\/media\/13093"}],"wp:attachment":[{"href":"https:\/\/entretormentas.com\/index.php?rest_route=%2Fwp%2Fv2%2Fmedia&parent=13092"}],"wp:term":[{"taxonomy":"category","embeddable":true,"href":"https:\/\/entretormentas.com\/index.php?rest_route=%2Fwp%2Fv2%2Fcategories&post=13092"},{"taxonomy":"post_tag","embeddable":true,"href":"https:\/\/entretormentas.com\/index.php?rest_route=%2Fwp%2Fv2%2Ftags&post=13092"}],"curies":[{"name":"wp","href":"https:\/\/api.w.org\/{rel}","templated":true}]}}