{"id":13095,"date":"2025-02-06T09:17:47","date_gmt":"2025-02-06T08:17:47","guid":{"rendered":"https:\/\/entretormentas.com\/?p=13095"},"modified":"2025-02-06T09:17:47","modified_gmt":"2025-02-06T08:17:47","slug":"postura-oficial-petro-asegura-que-venezuela-desactiva-campamentos-del-eln-en-ese-pais","status":"publish","type":"post","link":"https:\/\/entretormentas.com\/postura-oficial-petro-asegura-que-venezuela-desactiva-campamentos-del-eln-en-ese-pais\/","title":{"rendered":"\u00a1POSTURA OFICIAL! Petro asegura que Venezuela \u00abdesactiva campamentos\u00bb del ELN en ese pa\u00eds"},"content":{"rendered":"\n<p><strong>ENTRE TORMENTAS. <\/strong>El presidente colombiano, Gustavo Petro, afirm\u00f3 este martes que las autoridades de Venezuela est\u00e1n \u00abdesactivando campamentos\u00bb del ELN en ese pa\u00eds, algo que sucede en medio de las confrontaciones entre esa guerrilla y una disidencia de las FARC en la regi\u00f3n fronteriza del Catatumbo.<\/p>\n\n\n\n<p>\u00abNuestra estrategia con Venezuela en pol\u00edtica internacional funcion\u00f3, es decir que est\u00e1n desactivando campamentos del ELN en Venezuela porque consideran que es valioso (tener) una relaci\u00f3n diplom\u00e1tica sana con Colombia\u00bb, expres\u00f3 Petro en un consejo de ministros en Bogot\u00e1.<\/p>\n\n\n\n<p>El viernes pasado, Petro confirm\u00f3 una operaci\u00f3n militar con la colaboraci\u00f3n de la Fuerza Armada Nacional Bolivariana (FANB) para luchar contra la guerrilla del Ej\u00e9rcito de Liberaci\u00f3n Nacional (ELN) en la frontera con Venezuela.<\/p>\n\n\n\n<p>Desde el 16 de enero, los enfrentamientos entre el ELN y el Frente 33 de las disidencias de las FARC en el Catatumbo dejan entre 60 y 80 muertos seg\u00fan los conteos de la Defensor\u00eda del Pueblo y la Gobernaci\u00f3n de Norte de Santander, mientras que la cifra de desplazados es de m\u00e1s de 50 mil personas.<\/p>\n\n\n\n<p>Sin embargo, las autoridades solo han podido recoger 47 cuerpos por la situaci\u00f3n que siguen viviendo las zonas rurales m\u00e1s alejadas, donde las autoridades a\u00fan no han podido acceder.<\/p>\n\n\n\n<p>Entre las v\u00edctimas mortales hay seis firmantes de paz, mientras que nueve excombatientes de las antiguas FARC a\u00fan est\u00e1n desaparecidos.<br><strong><em>ET \/ EFE<\/em><\/strong><\/p>\n","protected":false},"excerpt":{"rendered":"<p>ENTRE TORMENTAS. El presidente colombiano, Gustavo Petro, afirm\u00f3 este martes que las autoridades de Venezuela&#8230;<\/p>\n","protected":false},"author":2,"featured_media":13096,"comment_status":"closed","ping_status":"open","sticky":false,"template":"","format":"standard","meta":{"footnotes":""},"categories":[56,48],"tags":[],"class_list":["post-13095","post","type-post","status-publish","format-standard","has-post-thumbnail","hentry","category-destacadas","category-internacionales"],"_links":{"self":[{"href":"https:\/\/entretormentas.com\/index.php?rest_route=\/wp\/v2\/posts\/13095","targetHints":{"allow":["GET"]}}],"collection":[{"href":"https:\/\/entretormentas.com\/index.php?rest_route=\/wp\/v2\/posts"}],"about":[{"href":"https:\/\/entretormentas.com\/index.php?rest_route=\/wp\/v2\/types\/post"}],"author":[{"embeddable":true,"href":"https:\/\/entretormentas.com\/index.php?rest_route=\/wp\/v2\/users\/2"}],"replies":[{"embeddable":true,"href":"https:\/\/entretormentas.com\/index.php?rest_route=%2Fwp%2Fv2%2Fcomments&post=13095"}],"version-history":[{"count":1,"href":"https:\/\/entretormentas.com\/index.php?rest_route=\/wp\/v2\/posts\/13095\/revisions"}],"predecessor-version":[{"id":13097,"href":"https:\/\/entretormentas.com\/index.php?rest_route=\/wp\/v2\/posts\/13095\/revisions\/13097"}],"wp:featuredmedia":[{"embeddable":true,"href":"https:\/\/entretormentas.com\/index.php?rest_route=\/wp\/v2\/media\/13096"}],"wp:attachment":[{"href":"https:\/\/entretormentas.com\/index.php?rest_route=%2Fwp%2Fv2%2Fmedia&parent=13095"}],"wp:term":[{"taxonomy":"category","embeddable":true,"href":"https:\/\/entretormentas.com\/index.php?rest_route=%2Fwp%2Fv2%2Fcategories&post=13095"},{"taxonomy":"post_tag","embeddable":true,"href":"https:\/\/entretormentas.com\/index.php?rest_route=%2Fwp%2Fv2%2Ftags&post=13095"}],"curies":[{"name":"wp","href":"https:\/\/api.w.org\/{rel}","templated":true}]}}