{"id":13098,"date":"2025-02-06T09:19:41","date_gmt":"2025-02-06T08:19:41","guid":{"rendered":"https:\/\/entretormentas.com\/?p=13098"},"modified":"2025-02-06T09:19:41","modified_gmt":"2025-02-06T08:19:41","slug":"al-aceptar-migrantes-deportados-trump-afirma-que-venezuela-esta-haciendo-lo-correcto","status":"publish","type":"post","link":"https:\/\/entretormentas.com\/al-aceptar-migrantes-deportados-trump-afirma-que-venezuela-esta-haciendo-lo-correcto\/","title":{"rendered":"\u00a1AL ACEPTAR MIGRANTES DEPORTADOS! Trump afirma que Venezuela \u00abest\u00e1 haciendo lo correcto\u00bb"},"content":{"rendered":"\n<p><strong>ENTRE TORMENTAS. <\/strong>El presidente de Estados Unidos, Donald Trump, asegur\u00f3 que el Gobierno de Venezuela \u201chace lo correcto\u201d al aceptar el acuerdo para recibir a venezolanos deportados, luego de que en un principio se negara a ello.<\/p>\n\n\n\n<p>\u201cMucha gente me dijo cosas. Dijeron que no aceptar\u00edan a nadie de regreso en Venezuela. Y ahora mismo se est\u00e1n enviando de regreso a Venezuela. Est\u00e1n haciendo lo correcto en Venezuela\u201d, dijo Trump a la prensa, mientras firmaba \u00f3rdenes ejecutivas.<\/p>\n\n\n\n<p>El acuerdo para la deportaci\u00f3n de migrantes venezolanos a su pa\u00eds de origen ocurri\u00f3 durante la visita de Richard Grenell a Caracas la semana pasada.<\/p>\n\n\n\n<p><strong>Acuerdo con Venezuela<\/strong><br>\u201cVenezuela ha acordado recibir, de regreso a su pa\u00eds, a todos los inmigrantes ilegales venezolanos que estaban acampados en los EE.UU., expres\u00f3 en Truth Social.<\/p>\n\n\n\n<p>Coment\u00f3 que Venezuela \u201ctambi\u00e9n ha acordado proporcionar el transporte\u201d para trasladarlos desde Estados Unidos hasta Caracas.<\/p>\n\n\n\n<p>\u201cEstamos en el proceso de eliminar un n\u00famero r\u00e9cord de inmigrantes ilegales de todos los pa\u00edses, y todos los pa\u00edses han acordado aceptar a estos inmigrantes ilegales de regreso. Adem\u00e1s, se est\u00e1n eliminando cantidades r\u00e9cord de criminales de nuestro pa\u00eds\u201d, destac\u00f3.<br><strong><em>ET \/ Sumarium<\/em><\/strong><\/p>\n\n\n\n<p><\/p>\n","protected":false},"excerpt":{"rendered":"<p>ENTRE TORMENTAS. El presidente de Estados Unidos, Donald Trump, asegur\u00f3 que el Gobierno de Venezuela&#8230;<\/p>\n","protected":false},"author":2,"featured_media":13099,"comment_status":"closed","ping_status":"open","sticky":false,"template":"","format":"standard","meta":{"footnotes":""},"categories":[56,48],"tags":[],"class_list":["post-13098","post","type-post","status-publish","format-standard","has-post-thumbnail","hentry","category-destacadas","category-internacionales"],"_links":{"self":[{"href":"https:\/\/entretormentas.com\/index.php?rest_route=\/wp\/v2\/posts\/13098","targetHints":{"allow":["GET"]}}],"collection":[{"href":"https:\/\/entretormentas.com\/index.php?rest_route=\/wp\/v2\/posts"}],"about":[{"href":"https:\/\/entretormentas.com\/index.php?rest_route=\/wp\/v2\/types\/post"}],"author":[{"embeddable":true,"href":"https:\/\/entretormentas.com\/index.php?rest_route=\/wp\/v2\/users\/2"}],"replies":[{"embeddable":true,"href":"https:\/\/entretormentas.com\/index.php?rest_route=%2Fwp%2Fv2%2Fcomments&post=13098"}],"version-history":[{"count":1,"href":"https:\/\/entretormentas.com\/index.php?rest_route=\/wp\/v2\/posts\/13098\/revisions"}],"predecessor-version":[{"id":13100,"href":"https:\/\/entretormentas.com\/index.php?rest_route=\/wp\/v2\/posts\/13098\/revisions\/13100"}],"wp:featuredmedia":[{"embeddable":true,"href":"https:\/\/entretormentas.com\/index.php?rest_route=\/wp\/v2\/media\/13099"}],"wp:attachment":[{"href":"https:\/\/entretormentas.com\/index.php?rest_route=%2Fwp%2Fv2%2Fmedia&parent=13098"}],"wp:term":[{"taxonomy":"category","embeddable":true,"href":"https:\/\/entretormentas.com\/index.php?rest_route=%2Fwp%2Fv2%2Fcategories&post=13098"},{"taxonomy":"post_tag","embeddable":true,"href":"https:\/\/entretormentas.com\/index.php?rest_route=%2Fwp%2Fv2%2Ftags&post=13098"}],"curies":[{"name":"wp","href":"https:\/\/api.w.org\/{rel}","templated":true}]}}