{"id":13101,"date":"2025-02-06T09:24:05","date_gmt":"2025-02-06T08:24:05","guid":{"rendered":"https:\/\/entretormentas.com\/?p=13101"},"modified":"2025-02-06T09:24:05","modified_gmt":"2025-02-06T08:24:05","slug":"propone-2da-consulta-popular-para-el-27-abr-maduro-afirma-que-van-a-ganar-elecciones-regionales-y-parlamentarias","status":"publish","type":"post","link":"https:\/\/entretormentas.com\/propone-2da-consulta-popular-para-el-27-abr-maduro-afirma-que-van-a-ganar-elecciones-regionales-y-parlamentarias\/","title":{"rendered":"\u00a1PROPONE 2DA CONSULTA POPULAR PARA EL 27-ABR! Maduro afirma que van a ganar elecciones regionales y parlamentarias"},"content":{"rendered":"\n<p><strong>ENTRE TORMENTAS. <\/strong>El presidente del Partido Socialista Unido de Venezuela (PSUV), Nicol\u00e1s Maduro, asever\u00f3 que la tolda que lideriza ganar\u00e1 las elecciones del 27 de abril \u201cpor paliza a la oposici\u00f3n, a la derecha y a quien se atraviese\u201d.<\/p>\n\n\n\n<p>\u201cHemos convocado este Congreso para definir nuestras posiciones en funci\u00f3n de ganar las elecciones para Asamblea Nacional, Gobernaciones y Consejos Legislativos, que va a haber en Venezuela el 27 de abril, domingo bendito de este a\u00f1o 2025. Pero ganar en varias direcciones, pudi\u00e9ramos decir, utilizando la dial\u00e9ctica materialista de Jes\u00fas Mart\u00ednez, ganar en los cualitativo\u201d, afirm\u00f3 durante la instalaci\u00f3n de la Plenaria Extraordinaria del V Congreso del PSUV.<\/p>\n\n\n\n<p>El l\u00edder del PSUV instruy\u00f3 prepararse cualitativamente para organizar al pueblo con el objetivo de crear los mejores programas de gobierno.<\/p>\n\n\n\n<p>\u201cDebemos preparar a todas las fuerzas del movimiento popular, a todas las fuerzas de los colectivos y del Gran Polo Patri\u00f3tico, cualitativamente, para tener los mejores programas de gobierno, gobernaci\u00f3n por gobernaci\u00f3n, totalmente sintonizados con el plan de las 7 transformaciones de la revoluci\u00f3n de las 7T\u201d, traz\u00f3.<\/p>\n\n\n\n<figure class=\"wp-block-image size-large\"><img fetchpriority=\"high\" decoding=\"async\" width=\"1024\" height=\"683\" src=\"https:\/\/entretormentas.com\/wp-content\/uploads\/2025\/01\/image-475-1024x683.png\" alt=\"\" class=\"wp-image-12886\" srcset=\"https:\/\/entretormentas.com\/wp-content\/uploads\/2025\/01\/image-475-1024x683.png 1024w, https:\/\/entretormentas.com\/wp-content\/uploads\/2025\/01\/image-475-300x200.png 300w, https:\/\/entretormentas.com\/wp-content\/uploads\/2025\/01\/image-475-768x512.png 768w, https:\/\/entretormentas.com\/wp-content\/uploads\/2025\/01\/image-475.png 1068w\" sizes=\"(max-width: 1024px) 100vw, 1024px\" \/><\/figure>\n\n\n\n<p><strong>\u00abVOLTEAR Y REHACER\u00bb LAS GOBERNACIONES<\/strong><br>Durante su intervenci\u00f3n, el tambi\u00e9n jefe de Estado manifest\u00f3 que a las gobernaciones \u201chay que voltearlas como una media y rehacerla para que est\u00e9n al servicio del poder popular, de las comunas y del pueblo\u201d.<\/p>\n\n\n\n<p>Maduro plante\u00f3 que las gobernaciones sean instrumento de los grandes cambios y transformaciones que el pa\u00eds comienza a impulsar para construir un nuevo modelo pol\u00edtico.<\/p>\n\n\n\n<p><strong>SEGUNDA CONSULTA ESE MISMO D\u00cdA<\/strong><br>Maduro indic\u00f3 que ha propuesto al jefe del parlamento, Jorge Rodr\u00edguez, al primer vicepresidente del Partido Socialista Unido de Venezuela (PSUV), Diosdado Cabello, y a la vicepresidenta ejecutiva, Delcy Rodr\u00edguez, que la segunda consulta popular de este a\u00f1o se realice junto a las mega elecciones generales pautadas para el pr\u00f3ximo 27 de abril.<\/p>\n\n\n\n<p>\u201cHe propuesto humildemente, Jorge Rodr\u00edguez, Diosdado (Cabello), Delcy (Rodr\u00edguez), a los poderes p\u00fablicos que les corresponde\u00bb, anunci\u00f3 al recordar que ese d\u00eda se elegir\u00e1 por primera vez la autoridad regional de la Guayana Esequiba. \u00abUn estado especial creado en refer\u00e9ndum\u201d, complet\u00f3 el mandatario.<\/p>\n\n\n\n<p>Explic\u00f3 que en la misma medida en se renueve los 277 curules de Asamblea Nacional y los 24 gobernaciones, \u00abse haga la segunda consulta nacional, para que el pueblo elija en los Circuitos Comunales los proyectos del segundo trimestre de este a\u00f1o. Es una idea, ojal\u00e1 se pueda log\u00edsticamente\u201d, agreg\u00f3 Maduro.<br><strong><em>ET \/ Agencias<\/em><\/strong><\/p>\n","protected":false},"excerpt":{"rendered":"<p>ENTRE TORMENTAS. El presidente del Partido Socialista Unido de Venezuela (PSUV), Nicol\u00e1s Maduro, asever\u00f3 que&#8230;<\/p>\n","protected":false},"author":2,"featured_media":13102,"comment_status":"closed","ping_status":"open","sticky":false,"template":"","format":"standard","meta":{"footnotes":""},"categories":[56,49],"tags":[],"class_list":["post-13101","post","type-post","status-publish","format-standard","has-post-thumbnail","hentry","category-destacadas","category-nacionales"],"_links":{"self":[{"href":"https:\/\/entretormentas.com\/index.php?rest_route=\/wp\/v2\/posts\/13101","targetHints":{"allow":["GET"]}}],"collection":[{"href":"https:\/\/entretormentas.com\/index.php?rest_route=\/wp\/v2\/posts"}],"about":[{"href":"https:\/\/entretormentas.com\/index.php?rest_route=\/wp\/v2\/types\/post"}],"author":[{"embeddable":true,"href":"https:\/\/entretormentas.com\/index.php?rest_route=\/wp\/v2\/users\/2"}],"replies":[{"embeddable":true,"href":"https:\/\/entretormentas.com\/index.php?rest_route=%2Fwp%2Fv2%2Fcomments&post=13101"}],"version-history":[{"count":1,"href":"https:\/\/entretormentas.com\/index.php?rest_route=\/wp\/v2\/posts\/13101\/revisions"}],"predecessor-version":[{"id":13103,"href":"https:\/\/entretormentas.com\/index.php?rest_route=\/wp\/v2\/posts\/13101\/revisions\/13103"}],"wp:featuredmedia":[{"embeddable":true,"href":"https:\/\/entretormentas.com\/index.php?rest_route=\/wp\/v2\/media\/13102"}],"wp:attachment":[{"href":"https:\/\/entretormentas.com\/index.php?rest_route=%2Fwp%2Fv2%2Fmedia&parent=13101"}],"wp:term":[{"taxonomy":"category","embeddable":true,"href":"https:\/\/entretormentas.com\/index.php?rest_route=%2Fwp%2Fv2%2Fcategories&post=13101"},{"taxonomy":"post_tag","embeddable":true,"href":"https:\/\/entretormentas.com\/index.php?rest_route=%2Fwp%2Fv2%2Ftags&post=13101"}],"curies":[{"name":"wp","href":"https:\/\/api.w.org\/{rel}","templated":true}]}}