{"id":13119,"date":"2025-02-07T09:06:52","date_gmt":"2025-02-07T08:06:52","guid":{"rendered":"https:\/\/entretormentas.com\/?p=13119"},"modified":"2025-02-07T09:06:58","modified_gmt":"2025-02-07T08:06:58","slug":"con-la-gente-gobernacion-realiza-jornadas-sociales-en-cabimas-este-viernes-7-feb","status":"publish","type":"post","link":"https:\/\/entretormentas.com\/con-la-gente-gobernacion-realiza-jornadas-sociales-en-cabimas-este-viernes-7-feb\/","title":{"rendered":"\u00a1CON LA GENTE! Gobernaci\u00f3n realiza Jornadas Sociales en Cabimas este viernes 7-Feb"},"content":{"rendered":"\n<p><strong>ENTRE TORMENTAS. <\/strong>La Gobernaci\u00f3n del Zulia, a trav\u00e9s de la Secretar\u00eda de Desarrollo Social, la Fundaci\u00f3n Barrio a Barrio, el Programa \u00abCon Buenos Ojos\u00bb, FADEZUL y los Mercados Populares, llevar\u00e1 a cabo este viernes 7 de febrero una serie de jornadas sociales en el municipio de Cabimas, con el objetivo de ofrecer asistencia a quienes m\u00e1s lo necesiten.<\/p>\n\n\n\n<p>Los Mercados Populares se instalar\u00e1n en la parroquia Germ\u00e1n R\u00edos Linares, espec\u00edficamente en el barrio Los Hornitos, en la cancha de usos m\u00faltiples Hern\u00e1n Alem\u00e1n, a partir de las 8:00 a.m. Este mercado ofrecer\u00e1 alimentos de primera calidad, incluyendo harina PAN, leche en polvo, arroz, caf\u00e9, aceite, prote\u00ednas y embutidos, todo a precios insuperables.<\/p>\n\n\n\n<p><strong>JORNADA M\u00c9DICO-ODONTOL\u00d3GICA<\/strong><br>Asimismo, se llevar\u00e1 a cabo una jornada m\u00e9dico-odontol\u00f3gica en la parroquia R\u00f3mulo Betancourt, en la cancha del sector Cumarebo, ubicada en la avenida 41, desde las 8:00 a.m. Esta jornada ofrecer\u00e1 medicamentos gratuitos, servicios odontol\u00f3gicos, despistaje de hipertensi\u00f3n arterial y glicemia, desparasitaci\u00f3n, vacunaci\u00f3n, evaluaci\u00f3n cardiovascular, as\u00ed como peluquer\u00eda y pinta caritas para los m\u00e1s peque\u00f1os.<\/p>\n\n\n\n<p>Adem\u00e1s, se realizar\u00e1n dos jornadas de captaci\u00f3n del Programa \u00abCon Buenos Ojos\u00bb en Cabimas. La primera se llevar\u00e1 a cabo en la parroquia La Rosa, en la cancha de usos m\u00faltiples \u201cLa Monta\u00f1ita\u201d, ubicada en la calle El Bosque con calle Porvenir, en el sector \u201cLa Monta\u00f1ita\u201d. La segunda jornada beneficiar\u00e1 a la parroquia Jorge Hern\u00e1ndez, en la E.B.E. Salom\u00f3n Garc\u00eda Sierra. Estas actividades incluir\u00e1n diversos ex\u00e1menes visuales para detectar cualquier anomal\u00eda.<\/p>\n\n\n\n<p>A trav\u00e9s de estas iniciativas, la Gobernaci\u00f3n del Zulia reafirma su compromiso de brindar atenci\u00f3n y mejorar el bienestar de toda la comunidad.<br><strong>ET \/ Nota de Prensa<\/strong><\/p>\n\n\n\n<p><\/p>\n","protected":false},"excerpt":{"rendered":"<p>ENTRE TORMENTAS. La Gobernaci\u00f3n del Zulia, a trav\u00e9s de la Secretar\u00eda de Desarrollo Social, la&#8230;<\/p>\n","protected":false},"author":2,"featured_media":13120,"comment_status":"closed","ping_status":"open","sticky":false,"template":"","format":"standard","meta":{"footnotes":""},"categories":[1],"tags":[],"class_list":["post-13119","post","type-post","status-publish","format-standard","has-post-thumbnail","hentry","category-regionales"],"_links":{"self":[{"href":"https:\/\/entretormentas.com\/index.php?rest_route=\/wp\/v2\/posts\/13119","targetHints":{"allow":["GET"]}}],"collection":[{"href":"https:\/\/entretormentas.com\/index.php?rest_route=\/wp\/v2\/posts"}],"about":[{"href":"https:\/\/entretormentas.com\/index.php?rest_route=\/wp\/v2\/types\/post"}],"author":[{"embeddable":true,"href":"https:\/\/entretormentas.com\/index.php?rest_route=\/wp\/v2\/users\/2"}],"replies":[{"embeddable":true,"href":"https:\/\/entretormentas.com\/index.php?rest_route=%2Fwp%2Fv2%2Fcomments&post=13119"}],"version-history":[{"count":1,"href":"https:\/\/entretormentas.com\/index.php?rest_route=\/wp\/v2\/posts\/13119\/revisions"}],"predecessor-version":[{"id":13121,"href":"https:\/\/entretormentas.com\/index.php?rest_route=\/wp\/v2\/posts\/13119\/revisions\/13121"}],"wp:featuredmedia":[{"embeddable":true,"href":"https:\/\/entretormentas.com\/index.php?rest_route=\/wp\/v2\/media\/13120"}],"wp:attachment":[{"href":"https:\/\/entretormentas.com\/index.php?rest_route=%2Fwp%2Fv2%2Fmedia&parent=13119"}],"wp:term":[{"taxonomy":"category","embeddable":true,"href":"https:\/\/entretormentas.com\/index.php?rest_route=%2Fwp%2Fv2%2Fcategories&post=13119"},{"taxonomy":"post_tag","embeddable":true,"href":"https:\/\/entretormentas.com\/index.php?rest_route=%2Fwp%2Fv2%2Ftags&post=13119"}],"curies":[{"name":"wp","href":"https:\/\/api.w.org\/{rel}","templated":true}]}}