{"id":13125,"date":"2025-02-07T09:09:51","date_gmt":"2025-02-07T08:09:51","guid":{"rendered":"https:\/\/entretormentas.com\/?p=13125"},"modified":"2025-02-07T09:09:51","modified_gmt":"2025-02-07T08:09:51","slug":"omar-molina-buscamos-cercania-con-la-ciudadania-a-traves-del-programa-tardes-de-cafe","status":"publish","type":"post","link":"https:\/\/entretormentas.com\/omar-molina-buscamos-cercania-con-la-ciudadania-a-traves-del-programa-tardes-de-cafe\/","title":{"rendered":"OMAR MOLINA: \u201cBuscamos cercan\u00eda con la ciudadan\u00eda a trav\u00e9s del programa &#8216;Tardes de Caf\u00e9&#8217;\u201d"},"content":{"rendered":"\n<p><strong>ENTRE TORMENTAS. <\/strong>El Concejo Municipal de Maracaibo se complace en anunciar el lanzamiento del programa de visitas a las comunidades, titulado \u201cTardes de Caf\u00e9 con Omar Molina\u201d. Este programa tiene como objetivo principal acercarse a los vecinos, escuchar sus inquietudes, conocer de cerca sus necesidades y trabajar conjuntamente para encontrar soluciones a las diversas problem\u00e1ticas de la ciudad.<\/p>\n\n\n\n<p>En esta primera edici\u00f3n de \u201cTardes de Caf\u00e9 con Omar Molina\u201d se llevar\u00e1 a cabo en el sector Valle Fr\u00edo, parroquia Santa Luc\u00eda. Durante estas visitas, los residentes tendr\u00e1n la oportunidad de dialogar directamente con representantes del Concejo Municipal, incluyendo al concejal Omar Molina, y expresar sus preocupaciones y sugerencias.<\/p>\n\n\n\n<p>\u201cQueremos ser un canal de comunicaci\u00f3n efectivo entre los ciudadanos y las autoridades municipales\u201d, expres\u00f3 Omar Molina. \u201cCreemos firmemente en la importancia de escuchar a nuestros vecinos y trabajar juntos para construir una ciudad mejor para todos\u201d.<\/p>\n\n\n\n<p>El programa \u201cTardes de Caf\u00e9 con Omar Molina\u201d se realizar\u00e1 peri\u00f3dicamente en diferentes comunidades de Maracaibo, brindando un espacio para el di\u00e1logo abierto y la participaci\u00f3n ciudadana. Invitamos a todos los residentes de Maracaibo unirse a este encuentro y ser parte activa de la transformaci\u00f3n de nuestra ciudad.<br><strong><em>ET \/ Prensa CMM<\/em><\/strong><\/p>\n","protected":false},"excerpt":{"rendered":"<p>ENTRE TORMENTAS. El Concejo Municipal de Maracaibo se complace en anunciar el lanzamiento del programa&#8230;<\/p>\n","protected":false},"author":2,"featured_media":13126,"comment_status":"closed","ping_status":"open","sticky":false,"template":"","format":"standard","meta":{"footnotes":""},"categories":[1],"tags":[],"class_list":["post-13125","post","type-post","status-publish","format-standard","has-post-thumbnail","hentry","category-regionales"],"_links":{"self":[{"href":"https:\/\/entretormentas.com\/index.php?rest_route=\/wp\/v2\/posts\/13125","targetHints":{"allow":["GET"]}}],"collection":[{"href":"https:\/\/entretormentas.com\/index.php?rest_route=\/wp\/v2\/posts"}],"about":[{"href":"https:\/\/entretormentas.com\/index.php?rest_route=\/wp\/v2\/types\/post"}],"author":[{"embeddable":true,"href":"https:\/\/entretormentas.com\/index.php?rest_route=\/wp\/v2\/users\/2"}],"replies":[{"embeddable":true,"href":"https:\/\/entretormentas.com\/index.php?rest_route=%2Fwp%2Fv2%2Fcomments&post=13125"}],"version-history":[{"count":1,"href":"https:\/\/entretormentas.com\/index.php?rest_route=\/wp\/v2\/posts\/13125\/revisions"}],"predecessor-version":[{"id":13127,"href":"https:\/\/entretormentas.com\/index.php?rest_route=\/wp\/v2\/posts\/13125\/revisions\/13127"}],"wp:featuredmedia":[{"embeddable":true,"href":"https:\/\/entretormentas.com\/index.php?rest_route=\/wp\/v2\/media\/13126"}],"wp:attachment":[{"href":"https:\/\/entretormentas.com\/index.php?rest_route=%2Fwp%2Fv2%2Fmedia&parent=13125"}],"wp:term":[{"taxonomy":"category","embeddable":true,"href":"https:\/\/entretormentas.com\/index.php?rest_route=%2Fwp%2Fv2%2Fcategories&post=13125"},{"taxonomy":"post_tag","embeddable":true,"href":"https:\/\/entretormentas.com\/index.php?rest_route=%2Fwp%2Fv2%2Ftags&post=13125"}],"curies":[{"name":"wp","href":"https:\/\/api.w.org\/{rel}","templated":true}]}}