{"id":13141,"date":"2025-02-07T09:25:46","date_gmt":"2025-02-07T08:25:46","guid":{"rendered":"https:\/\/entretormentas.com\/?p=13141"},"modified":"2025-02-07T09:25:47","modified_gmt":"2025-02-07T08:25:47","slug":"cumpliendo-rosales-inaugura-trabajos-de-recuperacion-y-modernizacion-vial-de-los-claveles","status":"publish","type":"post","link":"https:\/\/entretormentas.com\/cumpliendo-rosales-inaugura-trabajos-de-recuperacion-y-modernizacion-vial-de-los-claveles\/","title":{"rendered":"\u00a1CUMPLIENDO! Rosales inaugura trabajos de recuperaci\u00f3n y modernizaci\u00f3n vial de Los Claveles"},"content":{"rendered":"\n<p><strong>ENTRE TORMENTAS.<\/strong> Desde el barrio Los Claveles, parroquia \u00abCecilio Acosta\u00bb de Maracaibo, el gobernador Manuel Rosales inaugur\u00f3 los trabajos de construcci\u00f3n, recuperaci\u00f3n y modernizaci\u00f3n de la calle 96J y la avenida 52 de esa importante comunidad de la capital zuliana<\/p>\n\n\n\n<p>En compa\u00f1\u00eda de miembros de su Gabinete de Gobierno, Rosales envi\u00f3 un efusivo saludo a los habitantes de Los Claveles y afirm\u00f3: \u00abandamos en este trabajo que no se detiene, no cesa. Un trabajo que tiene que ver con la actividad administrativa diaria. La planificaci\u00f3n y estrategia del inicio, construcci\u00f3n y entrega de obras en todas las \u00e1reas: salud, educaci\u00f3n, servicios, vialidad y programas sociales entre otros\u00bb.<\/p>\n\n\n\n<figure class=\"wp-block-image size-large\"><img fetchpriority=\"high\" decoding=\"async\" width=\"1024\" height=\"683\" src=\"https:\/\/entretormentas.com\/wp-content\/uploads\/2025\/02\/image-68-1024x683.png\" alt=\"\" class=\"wp-image-13143\" srcset=\"https:\/\/entretormentas.com\/wp-content\/uploads\/2025\/02\/image-68-1024x683.png 1024w, https:\/\/entretormentas.com\/wp-content\/uploads\/2025\/02\/image-68-300x200.png 300w, https:\/\/entretormentas.com\/wp-content\/uploads\/2025\/02\/image-68-768x512.png 768w, https:\/\/entretormentas.com\/wp-content\/uploads\/2025\/02\/image-68.png 1080w\" sizes=\"(max-width: 1024px) 100vw, 1024px\" \/><\/figure>\n\n\n\n<p>Apunt\u00f3 que este es un inmenso esfuerzo que realiza la Gobernaci\u00f3n junto con la gente del estado Zulia. \u00abAqu\u00ed estamos frente a lo que significa la recuperaci\u00f3n de nuestro estado, que hemos hecho con mucho esfuerzo y cari\u00f1o. Hoy estamos entregando a la comunidad esta obra y hacemos \u00e9nfasis, porque tienen que cuidarla de los botes de agua o de gente que quiera romper la v\u00eda para hacerse de otros servicios\u00bb.<\/p>\n\n\n\n<p>Record\u00f3 que se encontraba en Los Claveles donde se realiz\u00f3 una inversi\u00f3n que va desde la calle 96J y la avenida 52. \u00abAqu\u00ed hicimos una inversi\u00f3n importante para recuperar los sistemas de aguas servidas y blancas, colectores, iluminaci\u00f3n, acercas y brocales, drenajes de agua de lluvia, demarcaci\u00f3n, se\u00f1alizaci\u00f3n en m\u00e1s de tres kil\u00f3metros de vialidad. Esto estaba destru\u00eddo y lo recuperamos como estamos haciendo en todo el Zulia. Todav\u00eda falta mucho, pero estamos trabajando todos los d\u00edas, de la mano de los zulianos\u00bb.<\/p>\n\n\n\n<p>Resalt\u00f3 que estos trabajos de vialidad benefician a los residentes de la urbanizaci\u00f3n La Paz, Los Claveles, Puerto Rico y todas las comunidades aleda\u00f1as. \u00abSon obras y m\u00e1s obras, programas que todos los d\u00edas iniciamos, desarrollamos e inauguramos en lo que es el Zulia grande, pr\u00f3spero y moderno\u00bb.<br><strong><em>ET \/ Nota de Prensa<\/em><\/strong><\/p>\n\n\n\n<p><\/p>\n","protected":false},"excerpt":{"rendered":"<p>ENTRE TORMENTAS. Desde el barrio Los Claveles, parroquia \u00abCecilio Acosta\u00bb de Maracaibo, el gobernador Manuel&#8230;<\/p>\n","protected":false},"author":2,"featured_media":13142,"comment_status":"closed","ping_status":"open","sticky":false,"template":"","format":"standard","meta":{"footnotes":""},"categories":[57,1],"tags":[],"class_list":["post-13141","post","type-post","status-publish","format-standard","has-post-thumbnail","hentry","category-actualidad","category-regionales"],"_links":{"self":[{"href":"https:\/\/entretormentas.com\/index.php?rest_route=\/wp\/v2\/posts\/13141","targetHints":{"allow":["GET"]}}],"collection":[{"href":"https:\/\/entretormentas.com\/index.php?rest_route=\/wp\/v2\/posts"}],"about":[{"href":"https:\/\/entretormentas.com\/index.php?rest_route=\/wp\/v2\/types\/post"}],"author":[{"embeddable":true,"href":"https:\/\/entretormentas.com\/index.php?rest_route=\/wp\/v2\/users\/2"}],"replies":[{"embeddable":true,"href":"https:\/\/entretormentas.com\/index.php?rest_route=%2Fwp%2Fv2%2Fcomments&post=13141"}],"version-history":[{"count":1,"href":"https:\/\/entretormentas.com\/index.php?rest_route=\/wp\/v2\/posts\/13141\/revisions"}],"predecessor-version":[{"id":13144,"href":"https:\/\/entretormentas.com\/index.php?rest_route=\/wp\/v2\/posts\/13141\/revisions\/13144"}],"wp:featuredmedia":[{"embeddable":true,"href":"https:\/\/entretormentas.com\/index.php?rest_route=\/wp\/v2\/media\/13142"}],"wp:attachment":[{"href":"https:\/\/entretormentas.com\/index.php?rest_route=%2Fwp%2Fv2%2Fmedia&parent=13141"}],"wp:term":[{"taxonomy":"category","embeddable":true,"href":"https:\/\/entretormentas.com\/index.php?rest_route=%2Fwp%2Fv2%2Fcategories&post=13141"},{"taxonomy":"post_tag","embeddable":true,"href":"https:\/\/entretormentas.com\/index.php?rest_route=%2Fwp%2Fv2%2Ftags&post=13141"}],"curies":[{"name":"wp","href":"https:\/\/api.w.org\/{rel}","templated":true}]}}