{"id":13176,"date":"2025-02-09T11:39:11","date_gmt":"2025-02-09T10:39:11","guid":{"rendered":"https:\/\/entretormentas.com\/?p=13176"},"modified":"2025-02-09T11:39:12","modified_gmt":"2025-02-09T10:39:12","slug":"del-16-al-20-de-junio-facultad-de-medicina-de-luz-presenta-nueva-edicion-del-congreso-cientifico","status":"publish","type":"post","link":"https:\/\/entretormentas.com\/del-16-al-20-de-junio-facultad-de-medicina-de-luz-presenta-nueva-edicion-del-congreso-cientifico\/","title":{"rendered":"\u00a1DEL 16 AL 20 DE JUNIO! Facultad de Medicina de LUZ presenta nueva edici\u00f3n del Congreso Cient\u00edfico"},"content":{"rendered":"\n<p><strong>ENTRE TORMENTAS. <\/strong>La Facultad de Medicina de la Universidad del Zulia (LUZ) realiz\u00f3 la preventa y presentaci\u00f3n ante los medios de comunicaci\u00f3n del XII Congreso Internacional de la Facultad de Medicina y el XXII Congreso Cient\u00edfico Multidisciplinario de la Academia de Medicina del Zulia (AMZ). Ambos en homenaje al destacado radi\u00f3logo y Doctor Honoris Causa de LUZ, Eduardo Mora La Cruz.<\/p>\n\n\n\n<p>Del 16 al 20 de junio de este a\u00f1o 2025, en el Hotel Tibisay de Maracaibo, los estudiantes del \u00e1rea de la salud, profesionales nacionales y extranjeros, est\u00e1n invitados a asistir a las actividades cient\u00edficas y culturales.<\/p>\n\n\n\n<p>El tema central del evento cient\u00edfico ser\u00e1 las nuevas tecnolog\u00edas aplicadas al \u00e1rea de la salud. Bajo el slogan: \u201cLa salud evoluciona, nosotros tambi\u00e9n\u201d los conferencistas y ponentes regionales, nacionales e internacionales presentar\u00e1n las innovaciones en las diferentes ramas de las ciencias de la salud tomando en consideraci\u00f3n los \u00faltimos avances.<\/p>\n\n\n\n<p><strong>EVENTO DE ACTUALIZACI\u00d3N CIENT\u00cdFICA<\/strong><br>De acuerdo al decano, Dr. Sergio Osorio Morales, cada dos a\u00f1os se realiza la comuni\u00f3n entre la Facultad de Medicina y la AMZ por lo que en este 2025 se desarrollar\u00e1n al mismo tiempo.<\/p>\n\n\n\n<p>\u201cTenemos como lema que cada congreso supere al anterior. El a\u00f1o pasado tuvimos cuatro mil 84 inscritos. En el \u00e1rea acad\u00e9mica invitamos a 80 ponentes regionales, 50 expositores nacionales, 15 conferencistas internacionales as\u00ed como 65 casas comerciales en el \u00e1rea de la expo. Aspiramos rebasar estas cifras y demostrar que la Facultad y la AMZ est\u00e1n al d\u00eda con la salud\u201d, asegur\u00f3.<\/p>\n\n\n\n<p>Por su parte, el presidente de la AMZ, Dr. Felipe D\u00edaz Araujo, explic\u00f3 que son una corporaci\u00f3n doctrinaria con m\u00e1s de 100 a\u00f1os de historia que busca, a trav\u00e9s de sus miembros, transmitir valores elementales y fomentar la investigaci\u00f3n cient\u00edfica, ante esto sostienen una alianza estrat\u00e9gica con la Facultad de Medicina y que se enfatiza con este congreso.<\/p>\n\n\n\n<figure class=\"wp-block-image size-large\"><img fetchpriority=\"high\" decoding=\"async\" width=\"1024\" height=\"576\" src=\"https:\/\/entretormentas.com\/wp-content\/uploads\/2025\/02\/image-79-1024x576.png\" alt=\"\" class=\"wp-image-13178\" srcset=\"https:\/\/entretormentas.com\/wp-content\/uploads\/2025\/02\/image-79-1024x576.png 1024w, https:\/\/entretormentas.com\/wp-content\/uploads\/2025\/02\/image-79-300x169.png 300w, https:\/\/entretormentas.com\/wp-content\/uploads\/2025\/02\/image-79-768x432.png 768w, https:\/\/entretormentas.com\/wp-content\/uploads\/2025\/02\/image-79.png 1280w\" sizes=\"(max-width: 1024px) 100vw, 1024px\" \/><\/figure>\n\n\n\n<p>Detall\u00f3 que en esta edici\u00f3n, nuevamente se abrir\u00e1 la recepci\u00f3n de los Trabajos Libres a fin de sean defendidos durante la semana del Congreso. Estudiantes, egresados, m\u00e9dicos nacionales y extranjeros pueden consignar sus trabajos de investigaci\u00f3n desde el d\u00eda 14 de febrero hasta el 30 de abril.<\/p>\n\n\n\n<p>De la misma forma, se present\u00f3 la VIII Expo Facultad de Medicina, donde casas comerciales y emprendedores podr\u00e1n mostrar a los asistentes sus productos y servicios en el Sal\u00f3n Bol\u00edvar del Hotel Tibisay de Maracaibo.<\/p>\n\n\n\n<p>El coordinador de la Expo, Gregory Reyes, detall\u00f3 que entre las innovaciones de este a\u00f1o destaca la Sala Interactiva, coordinada por la Dra .Nelly Petit. La misma integrar\u00e1 comunicaci\u00f3n y tecnolog\u00eda, entendiendo que en gran parte de las empresas del mundo estos dos elementos juegan un papel fundamental.<\/p>\n\n\n\n<p><strong>ACTIVIDADES PRE CONGRESO<\/strong><br>Como parte de las actividades previas al Congreso, los estudiantes del \u00e1rea de la salud disfrutar\u00e1n de dos cursos, dirigidos por la directora de la Escuela de Medicina, Dra. Tibisay Rinc\u00f3n R\u00edos, y una caminata recreativa familiar coordinada por el MSc. Yimi Vera.<\/p>\n\n\n\n<p>Sobre la caminata, Vera comparti\u00f3 que ser\u00e1 el 25 de mayo partiendo desde el Rectorado Nuevo de LUZ a las 6:30 de la ma\u00f1ana. El recorrido cubrir\u00e1 7 kil\u00f3metros hasta las gradas de la Vereda del Lago donde se entregar\u00e1n medallas a los participantes, rifas y una bailoterapia de cierre. \u201cDispondremos de animaci\u00f3n en vivo, varios puntos de hidrataci\u00f3n, el resguardo de los cuerpos de seguridad y de los Bomberos de Maracaibo\u201d, finaliz\u00f3.<\/p>\n\n\n\n<p>Para conocer m\u00e1s detalles sobre la inscripci\u00f3n pueden comunicarse al 0412-635.65.55 o consultar la p\u00e1gina web: https:\/\/www.congresofmedluz.com\/.<br><strong><em>ET \/ Nota de Prensa<\/em><\/strong><\/p>\n\n\n\n<p><\/p>\n","protected":false},"excerpt":{"rendered":"<p>ENTRE TORMENTAS. La Facultad de Medicina de la Universidad del Zulia (LUZ) realiz\u00f3 la preventa&#8230;<\/p>\n","protected":false},"author":2,"featured_media":13177,"comment_status":"closed","ping_status":"open","sticky":false,"template":"","format":"standard","meta":{"footnotes":""},"categories":[1],"tags":[],"class_list":["post-13176","post","type-post","status-publish","format-standard","has-post-thumbnail","hentry","category-regionales"],"_links":{"self":[{"href":"https:\/\/entretormentas.com\/index.php?rest_route=\/wp\/v2\/posts\/13176","targetHints":{"allow":["GET"]}}],"collection":[{"href":"https:\/\/entretormentas.com\/index.php?rest_route=\/wp\/v2\/posts"}],"about":[{"href":"https:\/\/entretormentas.com\/index.php?rest_route=\/wp\/v2\/types\/post"}],"author":[{"embeddable":true,"href":"https:\/\/entretormentas.com\/index.php?rest_route=\/wp\/v2\/users\/2"}],"replies":[{"embeddable":true,"href":"https:\/\/entretormentas.com\/index.php?rest_route=%2Fwp%2Fv2%2Fcomments&post=13176"}],"version-history":[{"count":1,"href":"https:\/\/entretormentas.com\/index.php?rest_route=\/wp\/v2\/posts\/13176\/revisions"}],"predecessor-version":[{"id":13179,"href":"https:\/\/entretormentas.com\/index.php?rest_route=\/wp\/v2\/posts\/13176\/revisions\/13179"}],"wp:featuredmedia":[{"embeddable":true,"href":"https:\/\/entretormentas.com\/index.php?rest_route=\/wp\/v2\/media\/13177"}],"wp:attachment":[{"href":"https:\/\/entretormentas.com\/index.php?rest_route=%2Fwp%2Fv2%2Fmedia&parent=13176"}],"wp:term":[{"taxonomy":"category","embeddable":true,"href":"https:\/\/entretormentas.com\/index.php?rest_route=%2Fwp%2Fv2%2Fcategories&post=13176"},{"taxonomy":"post_tag","embeddable":true,"href":"https:\/\/entretormentas.com\/index.php?rest_route=%2Fwp%2Fv2%2Ftags&post=13176"}],"curies":[{"name":"wp","href":"https:\/\/api.w.org\/{rel}","templated":true}]}}