{"id":13180,"date":"2025-02-09T11:42:25","date_gmt":"2025-02-09T10:42:25","guid":{"rendered":"https:\/\/entretormentas.com\/?p=13180"},"modified":"2025-02-09T11:42:25","modified_gmt":"2025-02-09T10:42:25","slug":"en-san-francisco-plan-masivo-de-fumigacion-beneficia-a-mil-700-familias","status":"publish","type":"post","link":"https:\/\/entretormentas.com\/en-san-francisco-plan-masivo-de-fumigacion-beneficia-a-mil-700-familias\/","title":{"rendered":"\u00a1EN SAN FRANCISCO! Plan Masivo de Fumigaci\u00f3n beneficia a mil 700 familias"},"content":{"rendered":"\n<p><strong>ENTRE TORMENTAS.<\/strong> La alcald\u00eda de San Francisco, a trav\u00e9s del Instituto P\u00fablico Municipal de Salud (Imsasur), el Cuerpo de Bomberos y el Instituto P\u00fablico Municipal de Ambiente y Aseo Urbano (Imasur) , inici\u00f3 el Plan Masivo de Fumigaci\u00f3n en varios sectores del municipio.<\/p>\n\n\n\n<p>Con este plan de prevenci\u00f3n mil 700 familias, residentes de los sectores; Plaza del Sol, Para\u00edso El Sol, Ciudad del Sol, barrio Villa Bolivariana, barrio Divino Ni\u00f1o y barrio Los Luchadores, se vieron favorecidos con esta iniciativa.<\/p>\n\n\n\n<p>Otros beneficiados fueron los habitantes de la urbanizaci\u00f3n La Coromoto, el conjunto residencial La Coromotico, Bajo Grande I, Camur\u00ed, San Benito I, II, Sabana Grande, Sabana Sur, Suram\u00e9rica, San Luis, San Ram\u00f3n y El Per\u00fa en las parroquias San Francisco, El Bajo y Marcial Hern\u00e1ndez.<\/p>\n\n\n\n<figure class=\"wp-block-image size-large\"><img fetchpriority=\"high\" decoding=\"async\" width=\"1024\" height=\"768\" src=\"https:\/\/entretormentas.com\/wp-content\/uploads\/2025\/02\/image-81-1024x768.png\" alt=\"\" class=\"wp-image-13182\" srcset=\"https:\/\/entretormentas.com\/wp-content\/uploads\/2025\/02\/image-81-1024x768.png 1024w, https:\/\/entretormentas.com\/wp-content\/uploads\/2025\/02\/image-81-300x225.png 300w, https:\/\/entretormentas.com\/wp-content\/uploads\/2025\/02\/image-81-768x576.png 768w, https:\/\/entretormentas.com\/wp-content\/uploads\/2025\/02\/image-81.png 1280w\" sizes=\"(max-width: 1024px) 100vw, 1024px\" \/><\/figure>\n\n\n\n<p>Los vecinos se mostraron muy satisfechos por el plan preventivo. Pedro Montiel, del sector San Luis, agradeci\u00f3 al alcalde Gustavo Fern\u00e1ndez por llevar estos operativos a las comunidades. As\u00ed tambi\u00e9n opin\u00f3 Ana Mar\u00eda Fereira, habitante de Bajo Grande I, quien destac\u00f3: \u00abgracias Alcalde por darnos respuesta\u00bb.<\/p>\n\n\n\n<p>Juan Carlos Rangel, presidente de Imsasur, inform\u00f3 que para la pr\u00f3xima semana se tiene previsto continuar con estas jornadas de fumigaci\u00f3n en otras zonas del municipio y abarcar el resto de las parroquias faltantes.<\/p>\n\n\n\n<p>Agreg\u00f3 Rangel que para el gobierno que preside el alcalde Gustavo Fern\u00e1ndez, la salud es lo primero. \u00abLa fumigaci\u00f3n busca combatir las plagas y evitar la propagaci\u00f3n de enfermedades end\u00e9micas\u00bb.<\/p>\n\n\n\n<p>El mandatario municipal contin\u00faa haciendo grandes esfuerzos, utilizando las herramientas necesarias para garantizar la salubridad p\u00fablica y el bienestar colectivo de los sanfranciscanos.<br><strong><em>ET \/ Alcald\u00eda de San Francisco<\/em><\/strong><\/p>\n\n\n\n<p><\/p>\n","protected":false},"excerpt":{"rendered":"<p>ENTRE TORMENTAS. La alcald\u00eda de San Francisco, a trav\u00e9s del Instituto P\u00fablico Municipal de Salud&#8230;<\/p>\n","protected":false},"author":2,"featured_media":13181,"comment_status":"closed","ping_status":"open","sticky":false,"template":"","format":"standard","meta":{"footnotes":""},"categories":[1],"tags":[],"class_list":["post-13180","post","type-post","status-publish","format-standard","has-post-thumbnail","hentry","category-regionales"],"_links":{"self":[{"href":"https:\/\/entretormentas.com\/index.php?rest_route=\/wp\/v2\/posts\/13180","targetHints":{"allow":["GET"]}}],"collection":[{"href":"https:\/\/entretormentas.com\/index.php?rest_route=\/wp\/v2\/posts"}],"about":[{"href":"https:\/\/entretormentas.com\/index.php?rest_route=\/wp\/v2\/types\/post"}],"author":[{"embeddable":true,"href":"https:\/\/entretormentas.com\/index.php?rest_route=\/wp\/v2\/users\/2"}],"replies":[{"embeddable":true,"href":"https:\/\/entretormentas.com\/index.php?rest_route=%2Fwp%2Fv2%2Fcomments&post=13180"}],"version-history":[{"count":1,"href":"https:\/\/entretormentas.com\/index.php?rest_route=\/wp\/v2\/posts\/13180\/revisions"}],"predecessor-version":[{"id":13183,"href":"https:\/\/entretormentas.com\/index.php?rest_route=\/wp\/v2\/posts\/13180\/revisions\/13183"}],"wp:featuredmedia":[{"embeddable":true,"href":"https:\/\/entretormentas.com\/index.php?rest_route=\/wp\/v2\/media\/13181"}],"wp:attachment":[{"href":"https:\/\/entretormentas.com\/index.php?rest_route=%2Fwp%2Fv2%2Fmedia&parent=13180"}],"wp:term":[{"taxonomy":"category","embeddable":true,"href":"https:\/\/entretormentas.com\/index.php?rest_route=%2Fwp%2Fv2%2Fcategories&post=13180"},{"taxonomy":"post_tag","embeddable":true,"href":"https:\/\/entretormentas.com\/index.php?rest_route=%2Fwp%2Fv2%2Ftags&post=13180"}],"curies":[{"name":"wp","href":"https:\/\/api.w.org\/{rel}","templated":true}]}}