{"id":13188,"date":"2025-02-09T11:49:28","date_gmt":"2025-02-09T10:49:28","guid":{"rendered":"https:\/\/entretormentas.com\/?p=13188"},"modified":"2025-02-09T11:49:28","modified_gmt":"2025-02-09T10:49:28","slug":"con-miras-a-su-2da-fase-alcalde-e-adrian-romero-conmemora-aniversario-del-centro-de-diagnostico-medico-de-maracaibo","status":"publish","type":"post","link":"https:\/\/entretormentas.com\/con-miras-a-su-2da-fase-alcalde-e-adrian-romero-conmemora-aniversario-del-centro-de-diagnostico-medico-de-maracaibo\/","title":{"rendered":"\u00a1CON MIRAS A SU 2DA FASE! Alcalde (E) Adri\u00e1n Romero conmemora aniversario del Centro de Diagn\u00f3stico M\u00e9dico de Maracaibo"},"content":{"rendered":"\n<p><strong>ENTRE TORMENTAS.<\/strong> Al cumplirse el primer a\u00f1o de funcionamiento del Centro de Diagn\u00f3stico M\u00e9dico de Maracaibo Oeste, el alcalde encargado Adri\u00e1n Romero Mart\u00ednez, anunci\u00f3 que trabajar\u00e1n en este 2025 en la segunda fase de este emblem\u00e1tico espacio que fue un sue\u00f1o cumplido por parte del alcalde Rafael Ram\u00edrez Colina.<\/p>\n\n\n\n<p>El acto de aniversario de centro de salud cont\u00f3 con la visita de la imagen de la virgen del Rosario de Chiquinquir\u00e1 y la bendici\u00f3n por parte de presb\u00edtero Jes\u00fas Enrique Rinc\u00f3n.<\/p>\n\n\n\n<p>Las palabras del sacerdote sirvieron de motivaci\u00f3n para la autoridad encargada del municipio, quien asegur\u00f3 que las bendiciones los impulsan a seguir con el trabajo que inici\u00f3 Ram\u00edrez Colina en 2021.<\/p>\n\n\n\n<figure class=\"wp-block-image size-large\"><img fetchpriority=\"high\" decoding=\"async\" width=\"1024\" height=\"576\" src=\"https:\/\/entretormentas.com\/wp-content\/uploads\/2025\/02\/image-85-1024x576.png\" alt=\"\" class=\"wp-image-13190\" srcset=\"https:\/\/entretormentas.com\/wp-content\/uploads\/2025\/02\/image-85-1024x576.png 1024w, https:\/\/entretormentas.com\/wp-content\/uploads\/2025\/02\/image-85-300x169.png 300w, https:\/\/entretormentas.com\/wp-content\/uploads\/2025\/02\/image-85-768x432.png 768w, https:\/\/entretormentas.com\/wp-content\/uploads\/2025\/02\/image-85-1536x864.png 1536w, https:\/\/entretormentas.com\/wp-content\/uploads\/2025\/02\/image-85-2048x1152.png 2048w\" sizes=\"(max-width: 1024px) 100vw, 1024px\" \/><\/figure>\n\n\n\n<p>\u201cEsas palabras nos dan fuerza para seguir trabajando en obras como estas, obras de envergadura por eso anunciamos que en este mes continuaremos con la segunda fase de este centro que es una de nuestras prioridades en este 2025 para seguir dando cumplimiento a ese sue\u00f1o que Rafael Ram\u00edrez hace un a\u00f1o puedo poner al servicio del oeste de la ciudad\u201d, recalc\u00f3 Romero Mart\u00ednez.<\/p>\n\n\n\n<p>Romero Mart\u00ednez record\u00f3 que este proyecto se desarroll\u00f3 en conjunto entre la Alcald\u00eda y las organizaciones multilaterales. \u201cEn ese momento nos apoyaron con equipos que en ese momento el municipio no pod\u00eda costear y sencillamente se demostr\u00f3 que con el trabajo en equipo se consiguen los \u00e9xitos\u201d.<\/p>\n\n\n\n<p>Asegur\u00f3 que convertir\u00e1n el Centro de Diagn\u00f3stico de Maracaibo en \u00edcono de la salud en el oeste de la ciudad. \u201cEste es un centro moderno dirigido a la atenci\u00f3n de las enfermedades cardiovasculares. Queremos lograr que todo se consiga aqu\u00ed en este peque\u00f1o espacio, vamos a continuar muy pendientes de que no falten insumos\u201d.<\/p>\n\n\n\n<p>El Alcalde encargado agradeci\u00f3 el trabajo comprometido de todas las personas que laboran en Centro Diagn\u00f3stico y reiter\u00f3 que estar\u00e1n enfocados en el crecimiento de estos espacios. \u201cQueremos profundizar y tener la mayor cantidad de servicios para atender la alta demanda que tenemos en estas comunidades\u201d, recalc\u00f3.<\/p>\n\n\n\n<p>En este evento de aniversario le entregaron reconocimientos al doctor Juan Jos\u00e9 Salazar V\u00edlchez, a la doctora Dayana Carolina Rinc\u00f3n, por cumplir un a\u00f1o de servicio, adem\u00e1s, destac\u00f3 el trabajo de la Organizaci\u00f3n de Primeros Auxilios LUZ \u201cPa\u00fal Ren\u00e9 Moreno Camacho\u201d (PALUZ).<\/p>\n\n\n\n<figure class=\"wp-block-image size-large\"><img decoding=\"async\" width=\"1024\" height=\"576\" src=\"https:\/\/entretormentas.com\/wp-content\/uploads\/2025\/02\/image-86-1024x576.png\" alt=\"\" class=\"wp-image-13191\" srcset=\"https:\/\/entretormentas.com\/wp-content\/uploads\/2025\/02\/image-86-1024x576.png 1024w, https:\/\/entretormentas.com\/wp-content\/uploads\/2025\/02\/image-86-300x169.png 300w, https:\/\/entretormentas.com\/wp-content\/uploads\/2025\/02\/image-86-768x432.png 768w, https:\/\/entretormentas.com\/wp-content\/uploads\/2025\/02\/image-86-1536x864.png 1536w, https:\/\/entretormentas.com\/wp-content\/uploads\/2025\/02\/image-86-2048x1152.png 2048w\" sizes=\"(max-width: 1024px) 100vw, 1024px\" \/><\/figure>\n\n\n\n<p><strong>EN N\u00daMERO DE ATENCIONES<\/strong><br>En este primer a\u00f1o de funcionamiento el Centro de Diagn\u00f3stico M\u00e9dico de Maracaibo atendi\u00f3 a tres mil 749 pacientes, de los cuales, mil 975 se realizaron ecograf\u00edas, mientras que mil 504 asistieron para atenci\u00f3n cardiol\u00f3gica, as\u00ed lo explic\u00f3 Jaibel Fuenmayor, directora general de Salud.<\/p>\n\n\n\n<p>Record\u00f3 que este centro est\u00e1 dedicado a consultas especializadas de cardiolog\u00eda y a diagn\u00f3sticos asertivos en el \u00e1rea de im\u00e1genes. La doctora precis\u00f3 que en los d\u00edas de alta demanda se les da atenci\u00f3n a unas 20 personas para ecograf\u00edas y 15 para cardiolog\u00eda, sumando unas 500 atenciones mensuales en los meses con m\u00e1s demanda.<\/p>\n\n\n\n<p>G\u00e9nesis Dur\u00e1n, gerente general del Centro de Diagn\u00f3stico M\u00e9dico, destac\u00f3 que los espacios son \u00f3ptimos, con atenci\u00f3n de calidad y precios accesibles con exoneraciones para los pacientes de bajos recursos.<\/p>\n\n\n\n<p>\u201cAhora podemos resolver mayores problemas de salud. Las estad\u00edsticas nos han beneficiados, estamos haciendo un mayor aporte en salud a nuestras comunidades y damos mayor calidad de servicio\u201d, destac\u00f3 Dur\u00e1n.<br><strong><em>ET \/ DCI Alcald\u00eda de Maracaibo<\/em><\/strong><\/p>\n\n\n\n<p><\/p>\n","protected":false},"excerpt":{"rendered":"<p>ENTRE TORMENTAS. Al cumplirse el primer a\u00f1o de funcionamiento del Centro de Diagn\u00f3stico M\u00e9dico de&#8230;<\/p>\n","protected":false},"author":2,"featured_media":13189,"comment_status":"closed","ping_status":"open","sticky":false,"template":"","format":"standard","meta":{"footnotes":""},"categories":[57,1],"tags":[],"class_list":["post-13188","post","type-post","status-publish","format-standard","has-post-thumbnail","hentry","category-actualidad","category-regionales"],"_links":{"self":[{"href":"https:\/\/entretormentas.com\/index.php?rest_route=\/wp\/v2\/posts\/13188","targetHints":{"allow":["GET"]}}],"collection":[{"href":"https:\/\/entretormentas.com\/index.php?rest_route=\/wp\/v2\/posts"}],"about":[{"href":"https:\/\/entretormentas.com\/index.php?rest_route=\/wp\/v2\/types\/post"}],"author":[{"embeddable":true,"href":"https:\/\/entretormentas.com\/index.php?rest_route=\/wp\/v2\/users\/2"}],"replies":[{"embeddable":true,"href":"https:\/\/entretormentas.com\/index.php?rest_route=%2Fwp%2Fv2%2Fcomments&post=13188"}],"version-history":[{"count":1,"href":"https:\/\/entretormentas.com\/index.php?rest_route=\/wp\/v2\/posts\/13188\/revisions"}],"predecessor-version":[{"id":13192,"href":"https:\/\/entretormentas.com\/index.php?rest_route=\/wp\/v2\/posts\/13188\/revisions\/13192"}],"wp:featuredmedia":[{"embeddable":true,"href":"https:\/\/entretormentas.com\/index.php?rest_route=\/wp\/v2\/media\/13189"}],"wp:attachment":[{"href":"https:\/\/entretormentas.com\/index.php?rest_route=%2Fwp%2Fv2%2Fmedia&parent=13188"}],"wp:term":[{"taxonomy":"category","embeddable":true,"href":"https:\/\/entretormentas.com\/index.php?rest_route=%2Fwp%2Fv2%2Fcategories&post=13188"},{"taxonomy":"post_tag","embeddable":true,"href":"https:\/\/entretormentas.com\/index.php?rest_route=%2Fwp%2Fv2%2Ftags&post=13188"}],"curies":[{"name":"wp","href":"https:\/\/api.w.org\/{rel}","templated":true}]}}