{"id":13196,"date":"2025-02-09T11:55:20","date_gmt":"2025-02-09T10:55:20","guid":{"rendered":"https:\/\/entretormentas.com\/?p=13196"},"modified":"2025-02-09T11:55:20","modified_gmt":"2025-02-09T10:55:20","slug":"prioridad-alcalde-gustavo-fernandez-se-enfoca-a-diario-en-mantener-a-san-francisco-limpio","status":"publish","type":"post","link":"https:\/\/entretormentas.com\/prioridad-alcalde-gustavo-fernandez-se-enfoca-a-diario-en-mantener-a-san-francisco-limpio\/","title":{"rendered":"\u00a1PRIORIDAD! Alcalde Gustavo Fern\u00e1ndez se enfoca a diario en mantener a San Francisco limpio"},"content":{"rendered":"\n<p><strong>ENTRE TORMENTAS. <\/strong>La alcald\u00eda de San Francisco, desde los inicios de la gesti\u00f3n del alcalde Gustavo Fern\u00e1ndez, ha sido consecuente en brindar soluciones a todas las necesidades de los sanfranciscanos, especialmente a aquellas referentes a la higienizaci\u00f3n de sectores, calles y avenidas del municipio sure\u00f1o, a pesar de los contratiempos de los \u00faltimos meses, debido a la falta de combustible para los camiones compactadores.<\/p>\n\n\n\n<p>El alcalde Gustavo Fern\u00e1ndez, en recientes declaraciones emitidas en el pante\u00f3n del estado Zulia, en la ceremonia de inhumaci\u00f3n de los restos de H\u00e9ctor Rafael Rojas, -primer astrof\u00edsico zuliano que marc\u00f3 el sitio de alunizaje del Apolo11-, afirm\u00f3 que la prioridad en San Francisco es mantenerlo limpio. \u00abNosotros estamos fortaleciendo las operaciones, yo siempre los invito, porque as\u00ed como recibo la cr\u00edtica que tambi\u00e9n es v\u00e1lida, tambi\u00e9n los invito a que vayan y verifiquen como est\u00e1n las cosas hoy por hoy en todo el municipio\u00bb.<\/p>\n\n\n\n<p>La primera autoridad municipal tambi\u00e9n explic\u00f3 que, muchas rutas en las parroquias han sido recuperadas con la recolecci\u00f3n domiciliaria, y que se est\u00e1n haciendo grandes esfuerzos financieros para continuar trabajando. \u00abEstamos recogiendo playones y puedo decir que definitivamente San Francisco tiene otro rostro\u00bb.<\/p>\n\n\n\n<figure class=\"wp-block-image size-full\"><img fetchpriority=\"high\" decoding=\"async\" width=\"730\" height=\"486\" src=\"https:\/\/entretormentas.com\/wp-content\/uploads\/2025\/02\/image-88.png\" alt=\"\" class=\"wp-image-13197\" srcset=\"https:\/\/entretormentas.com\/wp-content\/uploads\/2025\/02\/image-88.png 730w, https:\/\/entretormentas.com\/wp-content\/uploads\/2025\/02\/image-88-300x200.png 300w\" sizes=\"(max-width: 730px) 100vw, 730px\" \/><\/figure>\n\n\n\n<p>Con respecto al tema del combustible que necesitan los camiones para ejecutar los trabajos de recolecci\u00f3n, el alcalde Gustavo Fern\u00e1ndez, inform\u00f3 que ese problema no se ha resuelto. \u00abYa hemos oficiado formalmente al Gobierno Nacional, para que nos asigne de forma segura el gasoil, ya que hasta este momento no la tenemos, y siempre debemos resolver la compra del combustible, y de esta manera las operaciones ser\u00edan m\u00e1s eficientes\u00bb.<\/p>\n\n\n\n<p>Referente a los proyectos que maneja el Consejo Federal de Gobierno (CFG), Fern\u00e1ndez, inform\u00f3 que no se ha realizado la primera reuni\u00f3n y que ya no funge como secretario del CFG, sin embargo, afirm\u00f3 que en el municipio San Francisco, existen una docena de proyectos que est\u00e1n siendo considerados para su aprobaci\u00f3n, los cuales todos tienen que ver con vialidad y servicios p\u00fablicos.<\/p>\n\n\n\n<p>\u00abAspiramos que para la pr\u00f3xima semana haya informaci\u00f3n al respecto de estos proyectos, y as\u00ed nosotros poder informar con mayor precisi\u00f3n, hacia donde van dirigidos los recursos, que por v\u00eda del CFG podamos invertir en San Francisco, en pro del bienestar de todos nuestros habitantes\u00bb, concluy\u00f3 el alcalde Gustavo Fern\u00e1ndez.<br><strong><em>ET \/ Alcald\u00eda de San Francisco<\/em><\/strong><\/p>\n","protected":false},"excerpt":{"rendered":"<p>ENTRE TORMENTAS. La alcald\u00eda de San Francisco, desde los inicios de la gesti\u00f3n del alcalde&#8230;<\/p>\n","protected":false},"author":2,"featured_media":13198,"comment_status":"closed","ping_status":"open","sticky":false,"template":"","format":"standard","meta":{"footnotes":""},"categories":[57,1],"tags":[],"class_list":["post-13196","post","type-post","status-publish","format-standard","has-post-thumbnail","hentry","category-actualidad","category-regionales"],"_links":{"self":[{"href":"https:\/\/entretormentas.com\/index.php?rest_route=\/wp\/v2\/posts\/13196","targetHints":{"allow":["GET"]}}],"collection":[{"href":"https:\/\/entretormentas.com\/index.php?rest_route=\/wp\/v2\/posts"}],"about":[{"href":"https:\/\/entretormentas.com\/index.php?rest_route=\/wp\/v2\/types\/post"}],"author":[{"embeddable":true,"href":"https:\/\/entretormentas.com\/index.php?rest_route=\/wp\/v2\/users\/2"}],"replies":[{"embeddable":true,"href":"https:\/\/entretormentas.com\/index.php?rest_route=%2Fwp%2Fv2%2Fcomments&post=13196"}],"version-history":[{"count":1,"href":"https:\/\/entretormentas.com\/index.php?rest_route=\/wp\/v2\/posts\/13196\/revisions"}],"predecessor-version":[{"id":13199,"href":"https:\/\/entretormentas.com\/index.php?rest_route=\/wp\/v2\/posts\/13196\/revisions\/13199"}],"wp:featuredmedia":[{"embeddable":true,"href":"https:\/\/entretormentas.com\/index.php?rest_route=\/wp\/v2\/media\/13198"}],"wp:attachment":[{"href":"https:\/\/entretormentas.com\/index.php?rest_route=%2Fwp%2Fv2%2Fmedia&parent=13196"}],"wp:term":[{"taxonomy":"category","embeddable":true,"href":"https:\/\/entretormentas.com\/index.php?rest_route=%2Fwp%2Fv2%2Fcategories&post=13196"},{"taxonomy":"post_tag","embeddable":true,"href":"https:\/\/entretormentas.com\/index.php?rest_route=%2Fwp%2Fv2%2Ftags&post=13196"}],"curies":[{"name":"wp","href":"https:\/\/api.w.org\/{rel}","templated":true}]}}