{"id":13200,"date":"2025-02-09T12:02:32","date_gmt":"2025-02-09T11:02:32","guid":{"rendered":"https:\/\/entretormentas.com\/?p=13200"},"modified":"2025-02-09T12:02:32","modified_gmt":"2025-02-09T11:02:32","slug":"rosales-llevar-a-hector-rojas-al-panteon-regional-es-un-homenaje-a-su-memoria-y-reconocimiento-al-talento-zuliano-en-el-ambito-cientifico","status":"publish","type":"post","link":"https:\/\/entretormentas.com\/rosales-llevar-a-hector-rojas-al-panteon-regional-es-un-homenaje-a-su-memoria-y-reconocimiento-al-talento-zuliano-en-el-ambito-cientifico\/","title":{"rendered":"ROSALES: \u201cLlevar a H\u00e9ctor Rojas al Pante\u00f3n Regional es un homenaje a su memoria y reconocimiento al talento zuliano en el \u00e1mbito cient\u00edfico"},"content":{"rendered":"\n<p><strong>ENTRE TORMENTAS. <\/strong>En un emotivo acto de homenaje y reconocimiento, el gobernador Manuel Rosales Guerrero, lider\u00f3 este s\u00e1bado 8 de febrero, el traslado de los restos mortales del destacado astrof\u00edsico zuliano, Dr. H\u00e9ctor Rojas, al Pante\u00f3n Regional, a la par que le fue conferida la Orden Lago de Maracaibo, Post Morten. Este gesto busca rendir tributo a la memoria de aquellos hombres y mujeres que han dejado una huella indeleble en la historia de nuestra regi\u00f3n, del pa\u00eds y el mundo.<\/p>\n\n\n\n<p>La ceremonia de inhumaci\u00f3n inici\u00f3 con un Solemne Responso en la Santa Catedral de Maracaibo. Posteriormente, se realiz\u00f3 el traslado al Pante\u00f3n Regional, con la participaci\u00f3n de autoridades universitarias, eclesi\u00e1sticas, cuerpos consulares y empresariales, miembros de la Academia de la Historia del Zulia, la presidenta del Consejo Legislativo, legisladores, alcaldes, miembros del Gabinete Regional y la sociedad civil zuliana.<\/p>\n\n\n\n<figure class=\"wp-block-image size-large\"><img fetchpriority=\"high\" decoding=\"async\" width=\"1024\" height=\"683\" src=\"https:\/\/entretormentas.com\/wp-content\/uploads\/2025\/02\/image-91-1024x683.png\" alt=\"\" class=\"wp-image-13202\" srcset=\"https:\/\/entretormentas.com\/wp-content\/uploads\/2025\/02\/image-91-1024x683.png 1024w, https:\/\/entretormentas.com\/wp-content\/uploads\/2025\/02\/image-91-300x200.png 300w, https:\/\/entretormentas.com\/wp-content\/uploads\/2025\/02\/image-91-768x512.png 768w, https:\/\/entretormentas.com\/wp-content\/uploads\/2025\/02\/image-91-1536x1025.png 1536w, https:\/\/entretormentas.com\/wp-content\/uploads\/2025\/02\/image-91-2048x1366.png 2048w\" sizes=\"(max-width: 1024px) 100vw, 1024px\" \/><\/figure>\n\n\n\n<p>Durante su alocuci\u00f3n, el gobernador Manuel Rosales refiri\u00f3 que la historia de las inhumaciones y el traslado a panteones de figuras universales es rica y variada, reflejando las costumbres culturales, las creencias religiosas y valores de la sociedad a lo largo de la historia. \u00abEn Las civilizaciones antiguas, como los egipcios, griegos y romanos, la inhumaci\u00f3n era un ritual significativo. Los egipcios, por ejemplo, construyeron tumbas elaboradas para sus faraones, como las pir\u00e1mides, que reflejaban su creencia en la vida despu\u00e9s de la muerte\u00bb.<\/p>\n\n\n\n<p>Detall\u00f3 que a medida que las sociedades evolucionaron, surgieron panteones, lugares designados para el descanso final de figuras notables. \u00abLos panteones suelen ser considerados como lugares de honor, donde se rinde homenaje a las contribuciones de individuos a la cultura, la ciencia, la pol\u00edtica y otras \u00e1reas\u00bb.<br>&nbsp; &nbsp;<br>Rosales dijo que en nuestro pa\u00eds es el caso de Sim\u00f3n Bol\u00edvar, cuyos restos fueron trasladados a Venezuela y, finalmente a un Mausoleo en Caracas, en reconocimiento a su papel en la Independencia de varios pa\u00edses latinoamericanos.<\/p>\n\n\n\n<p>Y afirm\u00f3: \u00abHoy nos reunimos aqu\u00ed con un profundo sentido de respeto y gratitud, para rendir homenaje a un hombre cuya vida y obra han dejado una huella imborrable en el campo de la ciencia y en nuestros corazones. Cumplir con el traslado de los restos del Dr. H\u00e9ctor Rojas al Pante\u00f3n Regional, lugar donde descansar\u00e1 rodeado de aquellos que tambi\u00e9n han dedicado sus vidas al avance del conocimiento y al bienestar de la humanidad\u00bb.<\/p>\n\n\n\n<p>Cabe resaltar que H\u00e9ctor Rojas naci\u00f3 en Maracaibo, el 10 de junio de 1928 y de aqu\u00ed sali\u00f3 a trascender con los tiempos, para convertirse en uno de los astrof\u00edsicos m\u00e1s importantes en la historia de la humanidad. \u00abLa decisi\u00f3n de trasladar al genio y cientifico H\u00e9ctor Rojas al Pante\u00f3n Regional, refleja el deseo de los zulianos de reconocer su legado y asegurar que su memoria perdure en la historia\u00bb.<\/p>\n\n\n\n<p>Record\u00f3 que en sus gestiones de Gobierno dise\u00f1\u00f3 el plan&nbsp;para sacar del olvido a hombres y mujeres, quienes contribuyeron a la construcci\u00f3n del sitial que nos reserv\u00f3 el destino, como la tierra de las genialidades en Latinoam\u00e9rica. \u00abLo hemos dicho cuando rescatamos el nombre de Humberto Fern\u00e1ndez Mor\u00e1n, ilustre m\u00e9dico creador del bistur\u00ed de diamante y padre de la microscop\u00eda electr\u00f3nica que cambi\u00f3 los par\u00e1metros de la biolog\u00eda. Tambi\u00e9n,&nbsp;Francisco Ochoa, primer rector de la Universidad del Zulia, fundador del Colegio de Abogados y autor de obras de relevancia mundial referidas al Derecho Romano y de muchos m\u00e1s que han recuperado un sitial justo\u00bb.<\/p>\n\n\n\n<p>Afirm\u00f3 que a partir de hoy, H\u00e9ctor Rojas, habitar\u00e1 para siempre en el Nicho n\u00famero 21 del Mausoleo Central del Pante\u00f3n del estado Zulia, como el reconocimiento eterno de la tierra que le vio nacer. \u00abEs un justo homenaje a H\u00e9ctor Rojas, el gran nobel zuliano, cuyo legado trasciende fronteras y generaciones. Su vida es un testimonio de perseverancia, inteligencia y dedicaci\u00f3n al servicio de la humanidad\u00bb.<\/p>\n\n\n\n<p>Bajo la inspiraci\u00f3n de Victor Hugo, Rojas hizo historia en la NASA. En su adolescencia, ley\u00f3 la famosa obra \u201cEl Promontorio del Sue\u00f1o\u201d, escrita por el c\u00e9lebre intelectual. \u00abEn aquellas p\u00e1ginas reflexiona sobre la belleza de la Luna y sue\u00f1a con la posibilidad de que alg\u00fan d\u00eda pudiera ser explorada. Fue una suerte de fuente divina para el joven zuliano, que en 1969 hizo posible un perfecto alunizaje de la misi\u00f3n Apolo 11, gracias a los sistemas matem\u00e1ticos que guiaron los c\u00e1lculos espaciales\u00bb.<\/p>\n\n\n\n<p>Recalc\u00f3 Rosales que \u00absi V\u00edctor Hugo inspir\u00f3 con su viaje imaginario al genio zuliano, \u00e9ste fue parte de una haza\u00f1a jam\u00e1s vista que cambi\u00f3 nuestras vidas para siempre, porque despu\u00e9s de aquel \u00e9xito de la NASA lleg\u00f3 la era de los sat\u00e9lites, con sus maravillas en telefon\u00eda celular, Internet, televisi\u00f3n, radio y sistemas aeron\u00e1uticos. Su ingenio y dedicaci\u00f3n fueron fundamentales para lograr el aterrizaje del Apolo 11 en la Luna, un hito que no solo represent\u00f3 un triunfo tecnol\u00f3gico, sino tambi\u00e9n un s\u00edmbolo de la capacidad humana para superar l\u00edmites\u00bb.<\/p>\n\n\n\n<p>Tambi\u00e9n manifest\u00f3 que este genio zuliano desarroll\u00f3 el \u00abM\u00e9todo Rojas de Coeficientes Espaciales\u00bb, una t\u00e9cnica matem\u00e1tica que permiti\u00f3 realizar c\u00e1lculos cruciales para el aterrizaje del Apolo 11 en la Luna. \u00abSu trabajo fue fundamental para el \u00e9xito de aquella misi\u00f3n espacial. Los c\u00e1lculos que realiz\u00f3 ayudaron a determinar las coordenadas exactas para el alunizaje, considerando las caracter\u00edsticas topogr\u00e1ficas de la regi\u00f3n ecuatorial de nuestro sat\u00e9lite natural. Esto garantiz\u00f3 que los astronautas pudieran realizar una exploraci\u00f3n segura y efectiva\u00bb<\/p>\n\n\n\n<figure class=\"wp-block-image size-large\"><img decoding=\"async\" width=\"1024\" height=\"682\" src=\"https:\/\/entretormentas.com\/wp-content\/uploads\/2025\/02\/image-92-1024x682.png\" alt=\"\" class=\"wp-image-13203\" srcset=\"https:\/\/entretormentas.com\/wp-content\/uploads\/2025\/02\/image-92-1024x682.png 1024w, https:\/\/entretormentas.com\/wp-content\/uploads\/2025\/02\/image-92-300x200.png 300w, https:\/\/entretormentas.com\/wp-content\/uploads\/2025\/02\/image-92-768x512.png 768w, https:\/\/entretormentas.com\/wp-content\/uploads\/2025\/02\/image-92-1536x1024.png 1536w, https:\/\/entretormentas.com\/wp-content\/uploads\/2025\/02\/image-92-2048x1365.png 2048w\" sizes=\"(max-width: 1024px) 100vw, 1024px\" \/><\/figure>\n\n\n\n<p>Y continu\u00f3: \u00abGracias a H\u00e9ctor Rojas el mundo conoci\u00f3 una tesis sobre la radiaci\u00f3n solar y su impacto en la agricultura. Su enfoque salv\u00f3 millones de hect\u00e1reas cultivables y hoy, en tiempos de cambio clim\u00e1tico, tiene una relevancia mayor\u00bb.<\/p>\n\n\n\n<p>Reconoci\u00f3 su destacada contribuci\u00f3n a la ciencia y la tecnolog\u00eda, particularmente en el campo de la astrof\u00edsica y la exploraci\u00f3n espacial. \u00abLlevar a H\u00e9ctor Rojas al Pante\u00f3n regional, no solo es un homenaje a su memoria, sino tambi\u00e9n un reconocimiento a la riqueza del talento zuliano y venezolano en el \u00e1mbito cient\u00edfico. Al honrar a figuras como Rojas, se motiva a j\u00f3venes cient\u00edficos a perseguir sus sue\u00f1os y contribuir a la humanidad\u00bb.<\/p>\n\n\n\n<p>Rosales destac\u00f3 que en su honor la Gobernaci\u00f3n del Zulia cre\u00f3 el Instituto Zuliano de Inteligencia Artificial y Rob\u00f3tica, \u00abporque esa es la principal apuesta educativa en esta etapa de nuestra trayectoria pol\u00edtica y del equipo que me acompa\u00f1a. Ya tenemos campeones mundiales y estamos trabajando, para que estos logros jam\u00e1s se pierdan\u00bb.<\/p>\n\n\n\n<p>Para concluir el Gobernador del Zulia dijo: \u00abHoy podemos afirmar: la Luna no solo fue alcanzada, sino que nos ense\u00f1\u00f3 que los sue\u00f1os m\u00e1s grandes pueden volverse realidad y los zulianos fuimos parte de esa genialidad\u00bb.<br><strong><em>ET \/ Nota de Prensa<\/em><\/strong><\/p>\n\n\n\n<p><\/p>\n","protected":false},"excerpt":{"rendered":"<p>ENTRE TORMENTAS. En un emotivo acto de homenaje y reconocimiento, el gobernador Manuel Rosales Guerrero,&#8230;<\/p>\n","protected":false},"author":2,"featured_media":13201,"comment_status":"closed","ping_status":"open","sticky":false,"template":"","format":"standard","meta":{"footnotes":""},"categories":[56,1],"tags":[],"class_list":["post-13200","post","type-post","status-publish","format-standard","has-post-thumbnail","hentry","category-destacadas","category-regionales"],"_links":{"self":[{"href":"https:\/\/entretormentas.com\/index.php?rest_route=\/wp\/v2\/posts\/13200","targetHints":{"allow":["GET"]}}],"collection":[{"href":"https:\/\/entretormentas.com\/index.php?rest_route=\/wp\/v2\/posts"}],"about":[{"href":"https:\/\/entretormentas.com\/index.php?rest_route=\/wp\/v2\/types\/post"}],"author":[{"embeddable":true,"href":"https:\/\/entretormentas.com\/index.php?rest_route=\/wp\/v2\/users\/2"}],"replies":[{"embeddable":true,"href":"https:\/\/entretormentas.com\/index.php?rest_route=%2Fwp%2Fv2%2Fcomments&post=13200"}],"version-history":[{"count":1,"href":"https:\/\/entretormentas.com\/index.php?rest_route=\/wp\/v2\/posts\/13200\/revisions"}],"predecessor-version":[{"id":13204,"href":"https:\/\/entretormentas.com\/index.php?rest_route=\/wp\/v2\/posts\/13200\/revisions\/13204"}],"wp:featuredmedia":[{"embeddable":true,"href":"https:\/\/entretormentas.com\/index.php?rest_route=\/wp\/v2\/media\/13201"}],"wp:attachment":[{"href":"https:\/\/entretormentas.com\/index.php?rest_route=%2Fwp%2Fv2%2Fmedia&parent=13200"}],"wp:term":[{"taxonomy":"category","embeddable":true,"href":"https:\/\/entretormentas.com\/index.php?rest_route=%2Fwp%2Fv2%2Fcategories&post=13200"},{"taxonomy":"post_tag","embeddable":true,"href":"https:\/\/entretormentas.com\/index.php?rest_route=%2Fwp%2Fv2%2Ftags&post=13200"}],"curies":[{"name":"wp","href":"https:\/\/api.w.org\/{rel}","templated":true}]}}