{"id":13208,"date":"2025-02-09T12:08:48","date_gmt":"2025-02-09T11:08:48","guid":{"rendered":"https:\/\/entretormentas.com\/?p=13208"},"modified":"2025-02-09T12:08:50","modified_gmt":"2025-02-09T11:08:50","slug":"en-eeuu-provea-advierte-de-los-peligros-de-la-politica-migratoria-de-trump-sobre-los-venezolanos","status":"publish","type":"post","link":"https:\/\/entretormentas.com\/en-eeuu-provea-advierte-de-los-peligros-de-la-politica-migratoria-de-trump-sobre-los-venezolanos\/","title":{"rendered":"\u00a1EN EEUU! Provea advierte de los peligros de la pol\u00edtica migratoria de Trump sobre los venezolanos"},"content":{"rendered":"\n<p><strong>ENTRE TORMENTAS. <\/strong>La ONG Provea afirm\u00f3 este s\u00e1bado que las pol\u00edticas migratorias de deportaci\u00f3n del presidente de Estados Unidos, Donald Trump, ponen en riesgo a los venezolanos que \u00abhuyeron\u00bb del pa\u00eds caribe\u00f1o, a ra\u00edz de lo que describe como \u00abla crisis econ\u00f3mica y la represi\u00f3n\u00bb.<\/p>\n\n\n\n<p>\u00abQuienes han escapado de la grave crisis de derechos humanos en Venezuela deben ser acogidos como refugiados y, en ese sentido, deber\u00edan ser sujetos de medidas de protecci\u00f3n por parte de los Estados receptores\u00bb, indic\u00f3 la organizaci\u00f3n no gubernamental en X.<\/p>\n\n\n\n<p>Provea alert\u00f3 sobre \u00ablas posibles deportaciones sumarias y apartadas de la ley\u00bb de Estados Unidos.<\/p>\n\n\n\n<p>Asimismo, consider\u00f3 que \u00ablos actos de discriminaci\u00f3n, estigmatizaci\u00f3n y criminalizaci\u00f3n contra estas personas\u00bb podr\u00edan \u00abagravar\u00bb la \u00abcondici\u00f3n de vulnerabilidad\u00bb de los migrantes.<\/p>\n\n\n\n<p>\u00abLa deportaci\u00f3n y\/o devoluci\u00f3n de personas que huyeron de condiciones de pobreza extrema o de la persecuci\u00f3n pol\u00edtica es un acto de revictimizaci\u00f3n\u00bb, manifest\u00f3 la ONG.<\/p>\n\n\n\n<p>La organizaci\u00f3n abog\u00f3 para que la regi\u00f3n, en conjunto, aborde \u00abla crisis venezolana y el impacto migratorio como el principal desaf\u00edo para la democracia y la estabilidad pol\u00edtica, social y econ\u00f3mica de las Am\u00e9ricas\u00bb.<br><strong><em>ET \/ Agencias<\/em><\/strong><\/p>\n","protected":false},"excerpt":{"rendered":"<p>ENTRE TORMENTAS. La ONG Provea afirm\u00f3 este s\u00e1bado que las pol\u00edticas migratorias de deportaci\u00f3n del&#8230;<\/p>\n","protected":false},"author":2,"featured_media":13209,"comment_status":"closed","ping_status":"open","sticky":false,"template":"","format":"standard","meta":{"footnotes":""},"categories":[56,49],"tags":[],"class_list":["post-13208","post","type-post","status-publish","format-standard","has-post-thumbnail","hentry","category-destacadas","category-nacionales"],"_links":{"self":[{"href":"https:\/\/entretormentas.com\/index.php?rest_route=\/wp\/v2\/posts\/13208","targetHints":{"allow":["GET"]}}],"collection":[{"href":"https:\/\/entretormentas.com\/index.php?rest_route=\/wp\/v2\/posts"}],"about":[{"href":"https:\/\/entretormentas.com\/index.php?rest_route=\/wp\/v2\/types\/post"}],"author":[{"embeddable":true,"href":"https:\/\/entretormentas.com\/index.php?rest_route=\/wp\/v2\/users\/2"}],"replies":[{"embeddable":true,"href":"https:\/\/entretormentas.com\/index.php?rest_route=%2Fwp%2Fv2%2Fcomments&post=13208"}],"version-history":[{"count":1,"href":"https:\/\/entretormentas.com\/index.php?rest_route=\/wp\/v2\/posts\/13208\/revisions"}],"predecessor-version":[{"id":13210,"href":"https:\/\/entretormentas.com\/index.php?rest_route=\/wp\/v2\/posts\/13208\/revisions\/13210"}],"wp:featuredmedia":[{"embeddable":true,"href":"https:\/\/entretormentas.com\/index.php?rest_route=\/wp\/v2\/media\/13209"}],"wp:attachment":[{"href":"https:\/\/entretormentas.com\/index.php?rest_route=%2Fwp%2Fv2%2Fmedia&parent=13208"}],"wp:term":[{"taxonomy":"category","embeddable":true,"href":"https:\/\/entretormentas.com\/index.php?rest_route=%2Fwp%2Fv2%2Fcategories&post=13208"},{"taxonomy":"post_tag","embeddable":true,"href":"https:\/\/entretormentas.com\/index.php?rest_route=%2Fwp%2Fv2%2Ftags&post=13208"}],"curies":[{"name":"wp","href":"https:\/\/api.w.org\/{rel}","templated":true}]}}