{"id":13211,"date":"2025-02-09T12:11:29","date_gmt":"2025-02-09T11:11:29","guid":{"rendered":"https:\/\/entretormentas.com\/?p=13211"},"modified":"2025-02-09T12:11:29","modified_gmt":"2025-02-09T11:11:29","slug":"acuerdo-binacional-eeuu-comenzara-los-vuelos-de-deportacion-a-venezuela-en-marzo","status":"publish","type":"post","link":"https:\/\/entretormentas.com\/acuerdo-binacional-eeuu-comenzara-los-vuelos-de-deportacion-a-venezuela-en-marzo\/","title":{"rendered":"\u00a1ACUERDO BINACIONAL! EEUU comenzar\u00e1 los vuelos de deportaci\u00f3n a Venezuela en marzo"},"content":{"rendered":"\n<p><strong>ENTRE TORMENTAS.<\/strong> El Gobierno de Estados Unidos reanudar\u00e1 los vuelos de deportaci\u00f3n a Venezuela el pr\u00f3ximo mes de marzo, seg\u00fan asegur\u00f3 este viernes el \u2018zar de la frontera\u2019, Tom Homan, en una entrevista con el diario The New York Times.<\/p>\n\n\n\n<p>El anuncio llega una semana despu\u00e9s de que el enviado especial del presidente Donald Trump, Richard Grenell, visitara Caracas para reunirse con el presidente Nicol\u00e1s Maduro, en un acercamiento entre los dos pa\u00edses, que cortaron relaciones diplom\u00e1ticas en 2019.<\/p>\n\n\n\n<p>\u201cEstos (vuelos) suceder\u00e1n dentro de los pr\u00f3ximos 30 d\u00edas, y no puedo decir cu\u00e1ntos; todav\u00eda estamos trabajando en todos esos detalles\u201d, declar\u00f3 Homan al diario.<\/p>\n\n\n\n<p>El encargado de la pol\u00edtica fronteriza opin\u00f3 que es algo \u00abenorme\u00bb y \u00abgrandioso\u00bb que el presidente de Estados Unidos, Donald Trump, haya \u00abconseguido\u00bb que Maduro vuelva a aceptar vuelos con migrantes venezolanos deportados de territorio estadounidense.<\/p>\n\n\n\n<p>Cientos de miles de venezolanos viven en Estados Unidos, muchos de ellos con alivios migratorios de corto plazo que Trump ha revocado, como el Estatus de Protecci\u00f3n Temporal (TPS) de 2023, lo que los hace vulnerables al gran plan de deportaciones del republicano.<br><strong><em>ET \/ EFE<\/em><\/strong><\/p>\n","protected":false},"excerpt":{"rendered":"<p>ENTRE TORMENTAS. El Gobierno de Estados Unidos reanudar\u00e1 los vuelos de deportaci\u00f3n a Venezuela el&#8230;<\/p>\n","protected":false},"author":2,"featured_media":13212,"comment_status":"closed","ping_status":"open","sticky":false,"template":"","format":"standard","meta":{"footnotes":""},"categories":[56,48],"tags":[],"class_list":["post-13211","post","type-post","status-publish","format-standard","has-post-thumbnail","hentry","category-destacadas","category-internacionales"],"_links":{"self":[{"href":"https:\/\/entretormentas.com\/index.php?rest_route=\/wp\/v2\/posts\/13211","targetHints":{"allow":["GET"]}}],"collection":[{"href":"https:\/\/entretormentas.com\/index.php?rest_route=\/wp\/v2\/posts"}],"about":[{"href":"https:\/\/entretormentas.com\/index.php?rest_route=\/wp\/v2\/types\/post"}],"author":[{"embeddable":true,"href":"https:\/\/entretormentas.com\/index.php?rest_route=\/wp\/v2\/users\/2"}],"replies":[{"embeddable":true,"href":"https:\/\/entretormentas.com\/index.php?rest_route=%2Fwp%2Fv2%2Fcomments&post=13211"}],"version-history":[{"count":1,"href":"https:\/\/entretormentas.com\/index.php?rest_route=\/wp\/v2\/posts\/13211\/revisions"}],"predecessor-version":[{"id":13213,"href":"https:\/\/entretormentas.com\/index.php?rest_route=\/wp\/v2\/posts\/13211\/revisions\/13213"}],"wp:featuredmedia":[{"embeddable":true,"href":"https:\/\/entretormentas.com\/index.php?rest_route=\/wp\/v2\/media\/13212"}],"wp:attachment":[{"href":"https:\/\/entretormentas.com\/index.php?rest_route=%2Fwp%2Fv2%2Fmedia&parent=13211"}],"wp:term":[{"taxonomy":"category","embeddable":true,"href":"https:\/\/entretormentas.com\/index.php?rest_route=%2Fwp%2Fv2%2Fcategories&post=13211"},{"taxonomy":"post_tag","embeddable":true,"href":"https:\/\/entretormentas.com\/index.php?rest_route=%2Fwp%2Fv2%2Ftags&post=13211"}],"curies":[{"name":"wp","href":"https:\/\/api.w.org\/{rel}","templated":true}]}}