{"id":13214,"date":"2025-02-09T12:14:10","date_gmt":"2025-02-09T11:14:10","guid":{"rendered":"https:\/\/entretormentas.com\/?p=13214"},"modified":"2025-02-09T12:14:10","modified_gmt":"2025-02-09T11:14:10","slug":"en-la-frontera-maduro-propone-zona-economica-binacional-para-dar-alternativas-a-habitantes-del-catatumbo","status":"publish","type":"post","link":"https:\/\/entretormentas.com\/en-la-frontera-maduro-propone-zona-economica-binacional-para-dar-alternativas-a-habitantes-del-catatumbo\/","title":{"rendered":"\u00a1EN LA FRONTERA! Maduro propone zona econ\u00f3mica binacional para dar alternativas a habitantes del Catatumbo"},"content":{"rendered":"\n<p><strong>ENTRE TORMENTAS.<\/strong> El presidente Nicol\u00e1s Maduro propuso este viernes la creaci\u00f3n de \u00abuna gran zona econ\u00f3mica binacional\u00bb con Colombia para dar alternativas a los habitantes de la regi\u00f3n fronteriza del Catatumbo, asolada en las \u00faltimas semanas por los choques entre la guerrilla del ELN y una disidencia de las FARC.<\/p>\n\n\n\n<p>En una transmisi\u00f3n del canal estatal VTV, Maduro explic\u00f3 que esa zona abarcar\u00eda el departamento colombiano de Norte de Santander y los estados T\u00e1chira y Zulia, para -a\u00f1adi\u00f3- \u00abel desarrollo econ\u00f3mico, la sustituci\u00f3n de cultivos\u00bb il\u00edcitos y dar \u00abalternativas de trabajos, decentes, a los hombres y mujeres\u00bb de ese espacio lim\u00edtrofe.<\/p>\n\n\n\n<p>Asimismo, asegur\u00f3 que este plan -del que no ofreci\u00f3 m\u00e1s detalles ni dio fecha de cu\u00e1ndo ser\u00e1 aprobado- es tambi\u00e9n para \u00abllevar la educaci\u00f3n, la alfabetizaci\u00f3n, la cultura, el deporte\u00bb y \u00abpara llevar el desarrollo social-integral\u00bb.<\/p>\n\n\n\n<p>\u00abLos dolores y la violencia de Colombia son tambi\u00e9n nuestros dolores. Queremos que Colombia sane sus dolores, sus heridas (\u2026). Colombia cuenta con nosotros m\u00e1s all\u00e1 de las diferencias\u00bb, manifest\u00f3.<\/p>\n\n\n\n<p>Junto a Maduro, el titular del Ministerio de Defensa, Vladimir Padrino L\u00f3pez, afirm\u00f3 que Venezuela destruy\u00f3 \u00abm\u00e1s de 20 campamentos\u00bb utilizados para el procesamiento de drogas en el marco de la operaci\u00f3n \u2018Rel\u00e1mpago del Catatumbo\u2019, un despliegue militar que inici\u00f3 el pasado 31 de enero en T\u00e1chira y Zulia.<\/p>\n\n\n\n<p>Adem\u00e1s, indic\u00f3 que Venezuela se mantiene en coordinaci\u00f3n con los \u00abministerios y todos los l\u00edderes militares\u00bb de Colombia en la frontera.<br><strong><em>ET \/ EFE<\/em><\/strong><\/p>\n","protected":false},"excerpt":{"rendered":"<p>ENTRE TORMENTAS. El presidente Nicol\u00e1s Maduro propuso este viernes la creaci\u00f3n de \u00abuna gran zona&#8230;<\/p>\n","protected":false},"author":2,"featured_media":13215,"comment_status":"closed","ping_status":"open","sticky":false,"template":"","format":"standard","meta":{"footnotes":""},"categories":[56,49],"tags":[],"class_list":["post-13214","post","type-post","status-publish","format-standard","has-post-thumbnail","hentry","category-destacadas","category-nacionales"],"_links":{"self":[{"href":"https:\/\/entretormentas.com\/index.php?rest_route=\/wp\/v2\/posts\/13214","targetHints":{"allow":["GET"]}}],"collection":[{"href":"https:\/\/entretormentas.com\/index.php?rest_route=\/wp\/v2\/posts"}],"about":[{"href":"https:\/\/entretormentas.com\/index.php?rest_route=\/wp\/v2\/types\/post"}],"author":[{"embeddable":true,"href":"https:\/\/entretormentas.com\/index.php?rest_route=\/wp\/v2\/users\/2"}],"replies":[{"embeddable":true,"href":"https:\/\/entretormentas.com\/index.php?rest_route=%2Fwp%2Fv2%2Fcomments&post=13214"}],"version-history":[{"count":1,"href":"https:\/\/entretormentas.com\/index.php?rest_route=\/wp\/v2\/posts\/13214\/revisions"}],"predecessor-version":[{"id":13216,"href":"https:\/\/entretormentas.com\/index.php?rest_route=\/wp\/v2\/posts\/13214\/revisions\/13216"}],"wp:featuredmedia":[{"embeddable":true,"href":"https:\/\/entretormentas.com\/index.php?rest_route=\/wp\/v2\/media\/13215"}],"wp:attachment":[{"href":"https:\/\/entretormentas.com\/index.php?rest_route=%2Fwp%2Fv2%2Fmedia&parent=13214"}],"wp:term":[{"taxonomy":"category","embeddable":true,"href":"https:\/\/entretormentas.com\/index.php?rest_route=%2Fwp%2Fv2%2Fcategories&post=13214"},{"taxonomy":"post_tag","embeddable":true,"href":"https:\/\/entretormentas.com\/index.php?rest_route=%2Fwp%2Fv2%2Ftags&post=13214"}],"curies":[{"name":"wp","href":"https:\/\/api.w.org\/{rel}","templated":true}]}}