{"id":13217,"date":"2025-02-09T23:46:29","date_gmt":"2025-02-09T22:46:29","guid":{"rendered":"https:\/\/entretormentas.com\/?p=13217"},"modified":"2025-02-09T23:46:30","modified_gmt":"2025-02-09T22:46:30","slug":"en-enero-2025-mas-de-50-mil-toneladas-de-desechos-retiro-la-alcaldia-de-maracaibo","status":"publish","type":"post","link":"https:\/\/entretormentas.com\/en-enero-2025-mas-de-50-mil-toneladas-de-desechos-retiro-la-alcaldia-de-maracaibo\/","title":{"rendered":"\u00a1EN ENERO 2025! M\u00e1s de 50 mil toneladas de desechos retir\u00f3 la Alcald\u00eda de Maracaibo"},"content":{"rendered":"\n<p><strong>ENTRE TORMENTAS. <\/strong>La regularizaci\u00f3n del cronograma de recolecci\u00f3n de desechos por parte de la Alcald\u00eda de Maracaibo a trav\u00e9s del Instituto Municipal del Aseo Urbano (IMAU) es un hecho, y esto lo evidencia las 50 mil 225 toneladas que se recogieron en las 18 parroquias de la ciudad durante el mes de enero 2025.<\/p>\n\n\n\n<p>Este esfuerzo significativo resalta el compromiso por una Maracaibo limpia y verde. Marco Rivero, presidente del IMAU, detall\u00f3 que para lograr la efectividad en la recolecci\u00f3n se retiraron de las diversas comunidades diariamente entre mil 500 y dos mil 500 toneladas de desechos.<\/p>\n\n\n\n<p>Destac\u00f3 que la afectividad del cronograma de recolecci\u00f3n alcanz\u00f3 casi el 100 por ciento en casi todas las parroquias. \u201cEs importante resaltar que venimos utilizando aproximadamente entre seis y ocho m\u00e1quinas diariamente para resolver los puntos m\u00e1s cr\u00edticos en nuestro municipio, sin embargo, todav\u00eda tenemos algunas parroquias que est\u00e1n por debajo del 100 %, pero por encima del 85 % de recolecci\u00f3n\u201d.<\/p>\n\n\n\n<figure class=\"wp-block-image size-large\"><img fetchpriority=\"high\" decoding=\"async\" width=\"1024\" height=\"576\" src=\"https:\/\/entretormentas.com\/wp-content\/uploads\/2025\/02\/image-98-1024x576.png\" alt=\"\" class=\"wp-image-13219\" srcset=\"https:\/\/entretormentas.com\/wp-content\/uploads\/2025\/02\/image-98-1024x576.png 1024w, https:\/\/entretormentas.com\/wp-content\/uploads\/2025\/02\/image-98-300x169.png 300w, https:\/\/entretormentas.com\/wp-content\/uploads\/2025\/02\/image-98-768x432.png 768w, https:\/\/entretormentas.com\/wp-content\/uploads\/2025\/02\/image-98.png 1280w\" sizes=\"(max-width: 1024px) 100vw, 1024px\" \/><\/figure>\n\n\n\n<p><strong>\u00bfQU\u00c9 DICEN LOS MARABINOS?<\/strong><br>Los marabinos catalogan como \u201cfuncional\u201d el servicio de aseo urbano. \u201cEl aseo est\u00e1 pasando dos veces a la semana aqu\u00ed en Cristo de Aranza. Yo saco mi basura los lunes y los jueves\u201d, expres\u00f3 Diana Labarca, residente del sector Pomona.<\/p>\n\n\n\n<p>Asimismo, Betty Z\u00fa\u00f1iga, de 71 a\u00f1os de edad indic\u00f3: \u201cYo saco la basura los d\u00edas que corresponde y el cami\u00f3n recoge toda la basura, se llevan todo\u201d.<\/p>\n\n\n\n<p>\u201cDe verdad que s\u00ed ha mejorado mucho, porque antes pasaba el aseo, pero recog\u00eda en ciertas partes y a nosotros no se nos llevaba la basura\u201d, explic\u00f3 Onerith Hern\u00e1ndez, habitante de la parroquia Ra\u00fal Leoni.<\/p>\n\n\n\n<p>Arturo Barroso manifest\u00f3 que en una ocasi\u00f3n pidi\u00f3 el apoyo a los trabajadores del IMAU para sacar unas bolsas de basura que ten\u00eda dentro de su casa, porque se le dificulta por ser adulto mayor. \u201cLa recolecci\u00f3n es especial, porque entran hasta la casa y se llevan la basura, porque yo no pod\u00eda sacarla y estaba solo y me hicieron el favor de llevarse todo.<\/p>\n\n\n\n<figure class=\"wp-block-image size-large\"><img decoding=\"async\" width=\"1024\" height=\"576\" src=\"https:\/\/entretormentas.com\/wp-content\/uploads\/2025\/02\/image-99-1024x576.png\" alt=\"\" class=\"wp-image-13220\" srcset=\"https:\/\/entretormentas.com\/wp-content\/uploads\/2025\/02\/image-99-1024x576.png 1024w, https:\/\/entretormentas.com\/wp-content\/uploads\/2025\/02\/image-99-300x169.png 300w, https:\/\/entretormentas.com\/wp-content\/uploads\/2025\/02\/image-99-768x432.png 768w, https:\/\/entretormentas.com\/wp-content\/uploads\/2025\/02\/image-99.png 1280w\" sizes=\"(max-width: 1024px) 100vw, 1024px\" \/><\/figure>\n\n\n\n<p>El Presidente del IMAU hizo un llamado al marabino consciente a que cumpla con el cronograma de recolecci\u00f3n, sacando la basura de forma educada los d\u00edas que toque en su parroquia. \u201cTodos los esfuerzos est\u00e1n enfocados en darle cumplimiento al cronograma que funcion\u00f3 a plenitud en 2024, permitiendo durante los primeros nueves meses del a\u00f1o que se retiraran de las calles m\u00e1s de 300 mil toneladas\u201d.<\/p>\n\n\n\n<p>Record\u00f3 que existi\u00f3 una contingencia que ya se logr\u00f3 solventar, devolvi\u00e9ndole a los ciudadanos el cumplimiento del cronograma que mantiene a ocho parroquias con dos visitas semanales del aseo urbano y a las otras 10 con una visita.<br><strong><em>ET \/ DCI Alcald\u00eda de Maracaibo<\/em><\/strong><\/p>\n\n\n\n<p><\/p>\n","protected":false},"excerpt":{"rendered":"<p>ENTRE TORMENTAS. La regularizaci\u00f3n del cronograma de recolecci\u00f3n de desechos por parte de la Alcald\u00eda&#8230;<\/p>\n","protected":false},"author":2,"featured_media":13218,"comment_status":"closed","ping_status":"open","sticky":false,"template":"","format":"standard","meta":{"footnotes":""},"categories":[57,1],"tags":[],"class_list":["post-13217","post","type-post","status-publish","format-standard","has-post-thumbnail","hentry","category-actualidad","category-regionales"],"_links":{"self":[{"href":"https:\/\/entretormentas.com\/index.php?rest_route=\/wp\/v2\/posts\/13217","targetHints":{"allow":["GET"]}}],"collection":[{"href":"https:\/\/entretormentas.com\/index.php?rest_route=\/wp\/v2\/posts"}],"about":[{"href":"https:\/\/entretormentas.com\/index.php?rest_route=\/wp\/v2\/types\/post"}],"author":[{"embeddable":true,"href":"https:\/\/entretormentas.com\/index.php?rest_route=\/wp\/v2\/users\/2"}],"replies":[{"embeddable":true,"href":"https:\/\/entretormentas.com\/index.php?rest_route=%2Fwp%2Fv2%2Fcomments&post=13217"}],"version-history":[{"count":1,"href":"https:\/\/entretormentas.com\/index.php?rest_route=\/wp\/v2\/posts\/13217\/revisions"}],"predecessor-version":[{"id":13221,"href":"https:\/\/entretormentas.com\/index.php?rest_route=\/wp\/v2\/posts\/13217\/revisions\/13221"}],"wp:featuredmedia":[{"embeddable":true,"href":"https:\/\/entretormentas.com\/index.php?rest_route=\/wp\/v2\/media\/13218"}],"wp:attachment":[{"href":"https:\/\/entretormentas.com\/index.php?rest_route=%2Fwp%2Fv2%2Fmedia&parent=13217"}],"wp:term":[{"taxonomy":"category","embeddable":true,"href":"https:\/\/entretormentas.com\/index.php?rest_route=%2Fwp%2Fv2%2Fcategories&post=13217"},{"taxonomy":"post_tag","embeddable":true,"href":"https:\/\/entretormentas.com\/index.php?rest_route=%2Fwp%2Fv2%2Ftags&post=13217"}],"curies":[{"name":"wp","href":"https:\/\/api.w.org\/{rel}","templated":true}]}}