{"id":13231,"date":"2025-02-10T00:45:21","date_gmt":"2025-02-09T23:45:21","guid":{"rendered":"https:\/\/entretormentas.com\/?p=13231"},"modified":"2025-02-10T00:45:22","modified_gmt":"2025-02-09T23:45:22","slug":"unico-en-el-pais-alcaldia-de-san-francisco-retoma-programa-quirurgico-en-buenas-manos","status":"publish","type":"post","link":"https:\/\/entretormentas.com\/unico-en-el-pais-alcaldia-de-san-francisco-retoma-programa-quirurgico-en-buenas-manos\/","title":{"rendered":"\u00a1\u00daNICO EN EL PA\u00cdS! Alcald\u00eda de San Francisco retoma programa quir\u00fargico En Buenas Manos"},"content":{"rendered":"\n<p><strong>ENTRE TORMENTAS. <\/strong>Desde la alcald\u00eda de San Francisco, contin\u00faan las atenciones en materia de salud, a trav\u00e9s de las jornadas del programa quir\u00fargico En Buenas Manos de este 2025, con el fin de sumar nuevos pacientes beneficiados con estas intervenciones m\u00e9dicas, en la gesti\u00f3n del alcalde Gustavo Fern\u00e1ndez.<\/p>\n\n\n\n<p>El titular municipal inform\u00f3 desde un acto realizado en el pante\u00f3n regional, en la ma\u00f1ana de este s\u00e1bado, que el programa En Buenas Manos no se detiene, y que la primera jornada de este a\u00f1o est\u00e1 programada para los pr\u00f3ximos d\u00edas del mes de febrero. \u00abLo vamos a hacer mensual, es un programa que ha dado much\u00edsima salud a los sanfranciscanos, e inclusive ciudadanos que no son del municipio, tambi\u00e9n han recibido atenci\u00f3n a trav\u00e9s del Instituto P\u00fablico Municipal de la Salud (Imsasur)\u00bb.<\/p>\n\n\n\n<figure class=\"wp-block-image size-large\"><img fetchpriority=\"high\" decoding=\"async\" width=\"682\" height=\"1024\" src=\"https:\/\/entretormentas.com\/wp-content\/uploads\/2025\/02\/image-106-682x1024.png\" alt=\"\" class=\"wp-image-13233\" srcset=\"https:\/\/entretormentas.com\/wp-content\/uploads\/2025\/02\/image-106-682x1024.png 682w, https:\/\/entretormentas.com\/wp-content\/uploads\/2025\/02\/image-106-200x300.png 200w, https:\/\/entretormentas.com\/wp-content\/uploads\/2025\/02\/image-106-768x1152.png 768w, https:\/\/entretormentas.com\/wp-content\/uploads\/2025\/02\/image-106.png 853w\" sizes=\"(max-width: 682px) 100vw, 682px\" \/><\/figure>\n\n\n\n<p>El programa En Buenas Manos, que inici\u00f3 desde el primer a\u00f1o de la gesti\u00f3n municipal del alcalde Gustavo Fern\u00e1ndez, \u00abgarantiza intervenciones quir\u00fargicas a personas que no pueden costearlas y el municipio las ha asumido con toda responsabilidad\u00bb, seg\u00fan inform\u00f3 el alcalde sure\u00f1o.<\/p>\n\n\n\n<p>Con respecto a los recursos econ\u00f3micos asignados al municipio para este a\u00f1o 2025, el alcalde, afirm\u00f3 que San Francisco no escapa de la devaluaci\u00f3n, \u00aby por supuesto esto va en detrimento del propio desarrollo de los programas que en funci\u00f3n del presupuesto se tienen previsto\u00bb, precis\u00f3 Fern\u00e1ndez.<\/p>\n\n\n\n<p>\u00abNosotros a trav\u00e9s de la asociaci\u00f3n de alcaldes del estado Zulia (Asalzu), hemos discutido elevar una propuesta al Gobierno Nacional para que se revise el presupuesto, y si no se puede modificar el que est\u00e1 aprobado, que se busquen otras v\u00edas alternas de financiaci\u00f3n, para que los programas desde los municipios y gobernaciones se puedan desarrollar\u00bb, se\u00f1al\u00f3 el mandatario municipal en sus declaraciones.<br><strong><em>ET \/ Alcald\u00eda de San Francisco<\/em><\/strong><\/p>\n","protected":false},"excerpt":{"rendered":"<p>ENTRE TORMENTAS. Desde la alcald\u00eda de San Francisco, contin\u00faan las atenciones en materia de salud,&#8230;<\/p>\n","protected":false},"author":2,"featured_media":13232,"comment_status":"closed","ping_status":"open","sticky":false,"template":"","format":"standard","meta":{"footnotes":""},"categories":[57,1],"tags":[],"class_list":["post-13231","post","type-post","status-publish","format-standard","has-post-thumbnail","hentry","category-actualidad","category-regionales"],"_links":{"self":[{"href":"https:\/\/entretormentas.com\/index.php?rest_route=\/wp\/v2\/posts\/13231","targetHints":{"allow":["GET"]}}],"collection":[{"href":"https:\/\/entretormentas.com\/index.php?rest_route=\/wp\/v2\/posts"}],"about":[{"href":"https:\/\/entretormentas.com\/index.php?rest_route=\/wp\/v2\/types\/post"}],"author":[{"embeddable":true,"href":"https:\/\/entretormentas.com\/index.php?rest_route=\/wp\/v2\/users\/2"}],"replies":[{"embeddable":true,"href":"https:\/\/entretormentas.com\/index.php?rest_route=%2Fwp%2Fv2%2Fcomments&post=13231"}],"version-history":[{"count":1,"href":"https:\/\/entretormentas.com\/index.php?rest_route=\/wp\/v2\/posts\/13231\/revisions"}],"predecessor-version":[{"id":13234,"href":"https:\/\/entretormentas.com\/index.php?rest_route=\/wp\/v2\/posts\/13231\/revisions\/13234"}],"wp:featuredmedia":[{"embeddable":true,"href":"https:\/\/entretormentas.com\/index.php?rest_route=\/wp\/v2\/media\/13232"}],"wp:attachment":[{"href":"https:\/\/entretormentas.com\/index.php?rest_route=%2Fwp%2Fv2%2Fmedia&parent=13231"}],"wp:term":[{"taxonomy":"category","embeddable":true,"href":"https:\/\/entretormentas.com\/index.php?rest_route=%2Fwp%2Fv2%2Fcategories&post=13231"},{"taxonomy":"post_tag","embeddable":true,"href":"https:\/\/entretormentas.com\/index.php?rest_route=%2Fwp%2Fv2%2Ftags&post=13231"}],"curies":[{"name":"wp","href":"https:\/\/api.w.org\/{rel}","templated":true}]}}