{"id":13243,"date":"2025-02-10T09:00:13","date_gmt":"2025-02-10T08:00:13","guid":{"rendered":"https:\/\/entretormentas.com\/?p=13243"},"modified":"2025-02-10T09:00:13","modified_gmt":"2025-02-10T08:00:13","slug":"primero-justicia-solo-habra-elecciones-legitimas-cuando-se-respete-la-voluntad-del-pueblo","status":"publish","type":"post","link":"https:\/\/entretormentas.com\/primero-justicia-solo-habra-elecciones-legitimas-cuando-se-respete-la-voluntad-del-pueblo\/","title":{"rendered":"PRIMERO JUSTICIA: \u00abSolo habr\u00e1 elecciones leg\u00edtimas cuando se respete la voluntad del pueblo\u00bb"},"content":{"rendered":"\n<p><strong>ENTRE TORMENTAS. <\/strong>Primero Justicia asegur\u00f3 este domingo que \u00fanicamente habr\u00e1 elecciones leg\u00edtimas en Venezuela cuando se respete la voluntad expresada en las presidenciales del 28 de julio de 2024, en las que seg\u00fan ellos, Edmundo Gonz\u00e1lez Urrutia result\u00f3 ganador.<\/p>\n\n\n\n<p>En una publicaci\u00f3n en redes sociales, el partido pol\u00edtico rechaz\u00f3 la convocatoria a comicios regionales y legislativos anunciada por el presidente de Nicol\u00e1s Maduro para el 27 de abril de este a\u00f1o.<\/p>\n\n\n\n<p>De este modo, Primero Justicia se mostr\u00f3 alineada con la posici\u00f3n de Gonz\u00e1lez Urrutia y se distanci\u00f3 de las declaraciones del dirigente Henrique Capriles, quien asegur\u00f3 que participar\u00e1 en las elecciones del chavismo.<\/p>\n\n\n\n<p>\u00abYo voy a votar. No me quedar\u00e9 en casa el 27 de abril\u00bb, expres\u00f3 Capriles a trav\u00e9s de un audio difundido en su canal de WhatsApp la semana pasada. El exgobernador defendi\u00f3 el voto como un mecanismo de resistencia democr\u00e1tica y subray\u00f3 que la abstenci\u00f3n nunca ha generado resultados favorables para la oposici\u00f3n.<\/p>\n\n\n\n<p><strong>\u00bfQU\u00c9 DIJO EDMUNDO DE LOS COMICIOS DEL 27-ABR?<\/strong><br>Edmundo Gonz\u00e1lez afirm\u00f3 el jueves que el sector de la oposici\u00f3n que lidera no participar\u00e1 en las elecciones legislativas y regionales convocadas para el 27 de abril por el Consejo Nacional Electoral.<\/p>\n\n\n\n<p>\u00abMar\u00eda Corina Machado y yo seguimos de pie, enfrentando juntos esta lucha con la certeza de que Venezuela no se rinde. El r\u00e9gimen pretende desviar la tensi\u00f3n con falsas elecciones, pero la comunidad democr\u00e1tica sabe que solo habr\u00e1 comicios leg\u00edtimos cuando se respete el resultado del 28 de julio. No participaremos en farsas dise\u00f1adas para perpetuar la dictadura\u00bb, sentenci\u00f3 Gonz\u00e1lez.<\/p>\n\n\n\n<p>Al respecto, el partido pol\u00edtico en X: \u00abPrimero Justicia respalda las recientes declaraciones del presidente electo, Edmundo Gonz\u00e1lez Urrutia, sobre la convocatoria de elecci\u00f3n\u00bb.<br><strong><em>ET \/ El Nacional<\/em><\/strong><\/p>\n\n\n\n<p><\/p>\n","protected":false},"excerpt":{"rendered":"<p>ENTRE TORMENTAS. Primero Justicia asegur\u00f3 este domingo que \u00fanicamente habr\u00e1 elecciones leg\u00edtimas en Venezuela cuando&#8230;<\/p>\n","protected":false},"author":2,"featured_media":13244,"comment_status":"closed","ping_status":"open","sticky":false,"template":"","format":"standard","meta":{"footnotes":""},"categories":[56,49],"tags":[],"class_list":["post-13243","post","type-post","status-publish","format-standard","has-post-thumbnail","hentry","category-destacadas","category-nacionales"],"_links":{"self":[{"href":"https:\/\/entretormentas.com\/index.php?rest_route=\/wp\/v2\/posts\/13243","targetHints":{"allow":["GET"]}}],"collection":[{"href":"https:\/\/entretormentas.com\/index.php?rest_route=\/wp\/v2\/posts"}],"about":[{"href":"https:\/\/entretormentas.com\/index.php?rest_route=\/wp\/v2\/types\/post"}],"author":[{"embeddable":true,"href":"https:\/\/entretormentas.com\/index.php?rest_route=\/wp\/v2\/users\/2"}],"replies":[{"embeddable":true,"href":"https:\/\/entretormentas.com\/index.php?rest_route=%2Fwp%2Fv2%2Fcomments&post=13243"}],"version-history":[{"count":1,"href":"https:\/\/entretormentas.com\/index.php?rest_route=\/wp\/v2\/posts\/13243\/revisions"}],"predecessor-version":[{"id":13245,"href":"https:\/\/entretormentas.com\/index.php?rest_route=\/wp\/v2\/posts\/13243\/revisions\/13245"}],"wp:featuredmedia":[{"embeddable":true,"href":"https:\/\/entretormentas.com\/index.php?rest_route=\/wp\/v2\/media\/13244"}],"wp:attachment":[{"href":"https:\/\/entretormentas.com\/index.php?rest_route=%2Fwp%2Fv2%2Fmedia&parent=13243"}],"wp:term":[{"taxonomy":"category","embeddable":true,"href":"https:\/\/entretormentas.com\/index.php?rest_route=%2Fwp%2Fv2%2Fcategories&post=13243"},{"taxonomy":"post_tag","embeddable":true,"href":"https:\/\/entretormentas.com\/index.php?rest_route=%2Fwp%2Fv2%2Ftags&post=13243"}],"curies":[{"name":"wp","href":"https:\/\/api.w.org\/{rel}","templated":true}]}}