{"id":13249,"date":"2025-02-10T09:06:05","date_gmt":"2025-02-10T08:06:05","guid":{"rendered":"https:\/\/entretormentas.com\/?p=13249"},"modified":"2025-02-10T09:06:06","modified_gmt":"2025-02-10T08:06:06","slug":"encabezados-por-diosdado-organismos-de-seguridad-se-reunen-para-fortalecer-la-seguridad-y-soberania-del-pais","status":"publish","type":"post","link":"https:\/\/entretormentas.com\/encabezados-por-diosdado-organismos-de-seguridad-se-reunen-para-fortalecer-la-seguridad-y-soberania-del-pais\/","title":{"rendered":"\u00a1ENCABEZADOS POR DIOSDADO! Organismos de seguridad se re\u00fanen para fortalecer la seguridad y soberan\u00eda del pa\u00eds"},"content":{"rendered":"\n<p><strong>ENTRE TORMENTAS. <\/strong>Este domingo, el ministro del Poder Popular para Relaciones Interiores, Justicia y Paz, Diosdado Cabello Rond\u00f3n, lider\u00f3 una importante reuni\u00f3n con los principales organismos de seguridad en el estado La Guaira. El objetivo del encuentro fue reforzar las pol\u00edticas de seguridad y protecci\u00f3n ciudadana en la regi\u00f3n.<\/p>\n\n\n\n<p>En la reuni\u00f3n participaron representantes del Servicio Bolivariano de Inteligencia Nacional (SEBIN), la Zona Operativa de Defensa Integral (ZODI) Capital y La Guaira, y el Comando de Zona de la Guardia Nacional Bolivariana (GNB).<\/p>\n\n\n\n<p>Tambi\u00e9n participaron el gobernador del estado La Guaira, Jos\u00e9 Alejandro Ter\u00e1n, y el alcalde de Vargas, Jos\u00e9 Manuel Su\u00e1rez, quienes se unieron a los cuerpos de seguridad para coordinar estrategias conjuntas.<\/p>\n\n\n\n<p>Durante la jornada, se discutieron diversas acciones para fortalecer la seguridad y garantizar la paz y tranquilidad de la poblaci\u00f3n.<\/p>\n\n\n\n<p>Las autoridades ratificaron su compromiso con la defensa de la soberan\u00eda y la integridad territorial de Venezuela, asegurando un despliegue efectivo de los organismos de seguridad para neutralizar cualquier amenaza.<\/p>\n\n\n\n<p>El Gobierno Bolivariano, a trav\u00e9s de una colaboraci\u00f3n entre el pueblo, las fuerzas y policiales, contin\u00faa implementando acciones concretas para proteger a los ciudadanos y mantener la seguridad en todo el pa\u00eds. Esta iniciativa refuerza el compromiso del gobierno con la paz y la estabilidad en Venezuela.<br><strong><em>ET \/ Globovisi\u00f3n<\/em><\/strong><\/p>\n","protected":false},"excerpt":{"rendered":"<p>ENTRE TORMENTAS. Este domingo, el ministro del Poder Popular para Relaciones Interiores, Justicia y Paz,&#8230;<\/p>\n","protected":false},"author":2,"featured_media":13250,"comment_status":"closed","ping_status":"open","sticky":false,"template":"","format":"standard","meta":{"footnotes":""},"categories":[56,49],"tags":[],"class_list":["post-13249","post","type-post","status-publish","format-standard","has-post-thumbnail","hentry","category-destacadas","category-nacionales"],"_links":{"self":[{"href":"https:\/\/entretormentas.com\/index.php?rest_route=\/wp\/v2\/posts\/13249","targetHints":{"allow":["GET"]}}],"collection":[{"href":"https:\/\/entretormentas.com\/index.php?rest_route=\/wp\/v2\/posts"}],"about":[{"href":"https:\/\/entretormentas.com\/index.php?rest_route=\/wp\/v2\/types\/post"}],"author":[{"embeddable":true,"href":"https:\/\/entretormentas.com\/index.php?rest_route=\/wp\/v2\/users\/2"}],"replies":[{"embeddable":true,"href":"https:\/\/entretormentas.com\/index.php?rest_route=%2Fwp%2Fv2%2Fcomments&post=13249"}],"version-history":[{"count":1,"href":"https:\/\/entretormentas.com\/index.php?rest_route=\/wp\/v2\/posts\/13249\/revisions"}],"predecessor-version":[{"id":13251,"href":"https:\/\/entretormentas.com\/index.php?rest_route=\/wp\/v2\/posts\/13249\/revisions\/13251"}],"wp:featuredmedia":[{"embeddable":true,"href":"https:\/\/entretormentas.com\/index.php?rest_route=\/wp\/v2\/media\/13250"}],"wp:attachment":[{"href":"https:\/\/entretormentas.com\/index.php?rest_route=%2Fwp%2Fv2%2Fmedia&parent=13249"}],"wp:term":[{"taxonomy":"category","embeddable":true,"href":"https:\/\/entretormentas.com\/index.php?rest_route=%2Fwp%2Fv2%2Fcategories&post=13249"},{"taxonomy":"post_tag","embeddable":true,"href":"https:\/\/entretormentas.com\/index.php?rest_route=%2Fwp%2Fv2%2Ftags&post=13249"}],"curies":[{"name":"wp","href":"https:\/\/api.w.org\/{rel}","templated":true}]}}