{"id":13252,"date":"2025-02-10T09:09:47","date_gmt":"2025-02-10T08:09:47","guid":{"rendered":"https:\/\/entretormentas.com\/?p=13252"},"modified":"2025-02-10T09:09:47","modified_gmt":"2025-02-10T08:09:47","slug":"salida-anunciada-ricardo-valino-no-seguira-entrenando-a-las-juveniles-de-la-vinotinto","status":"publish","type":"post","link":"https:\/\/entretormentas.com\/salida-anunciada-ricardo-valino-no-seguira-entrenando-a-las-juveniles-de-la-vinotinto\/","title":{"rendered":"\u00a1SALIDA ANUNCIADA! Ricardo Vali\u00f1o no seguir\u00e1 entrenando a las juveniles de la Vinotinto"},"content":{"rendered":"\n<p><strong>ENTRE TORMENTAS. <\/strong>El fracaso de la selecci\u00f3n venezolana de f\u00fatbol en el Campeonato Sudamericano Sub-20 celebrado en el pa\u00eds fue una gota que derram\u00f3 el vaso de la paciencia de la Federaci\u00f3n Venezolana de F\u00fatbol.<\/p>\n\n\n\n<p>La Vinotinto, en un grupo donde no se encontraban equipos fuertes como Argentina, Brasil o Colombia, fue eliminada en primera ronda tras caer ante las selecciones de Chile y Paraguay, perdiendo su oportunidad de clasificar a la Copa del Mundo ante su p\u00fablico.<\/p>\n\n\n\n<p>Esto ha generado que la FVF emitiese un comunicado manifestando el despido del entrenador Ricardo Vali\u00f1o, quien finaliza su etapa de poco menos de dos a\u00f1os al frente de las categor\u00edas juveniles de Venezuela.<\/p>\n\n\n\n<figure class=\"wp-block-image size-large\"><img fetchpriority=\"high\" decoding=\"async\" width=\"819\" height=\"1024\" src=\"https:\/\/entretormentas.com\/wp-content\/uploads\/2025\/02\/image-115-819x1024.png\" alt=\"\" class=\"wp-image-13254\" srcset=\"https:\/\/entretormentas.com\/wp-content\/uploads\/2025\/02\/image-115-819x1024.png 819w, https:\/\/entretormentas.com\/wp-content\/uploads\/2025\/02\/image-115-240x300.png 240w, https:\/\/entretormentas.com\/wp-content\/uploads\/2025\/02\/image-115-768x960.png 768w, https:\/\/entretormentas.com\/wp-content\/uploads\/2025\/02\/image-115-1024x1280.png 1024w, https:\/\/entretormentas.com\/wp-content\/uploads\/2025\/02\/image-115.png 1080w\" sizes=\"(max-width: 819px) 100vw, 819px\" \/><\/figure>\n\n\n\n<p><strong>EL COMUNICADO<\/strong><br>\u00abLa Federaci\u00f3n Venezolana de F\u00fatbol informa a la opini\u00f3n p\u00fablica que Ricardo Vali\u00f1o y su cuerpo t\u00e9cnico no continuar\u00e1n al frente de las selecciones nacionales Sub-20 y Sub-23 de Venezuela\u00bb, publica el ente federativo en sus redes sociales.<\/p>\n\n\n\n<p>Asimismo, la FVF expresa su agradecimiento al estratega \u00abpor su compromiso, profesionalismo y dedicaci\u00f3n\u00bb durante su etapa al mando de las selecciones menores y le expresan \u00abel mayor de los \u00e9xitos en sus pr\u00f3ximos proyectos\u00bb.<\/p>\n\n\n\n<p><strong>LA ETAPA DE VALI\u00d1O<\/strong><br>Ricardo Vali\u00f1o se incorpor\u00f3 a la Vinotinto a inicios de 2023, luego de la renuncia de Jos\u00e9 N\u00e9stor P\u00e9kerman en la categor\u00eda absoluta y posterior asunci\u00f3n de Fernando \u2018Bocha\u2019 Batista. El argentino-mexicano asumir\u00eda en la categor\u00eda Sub-17.<\/p>\n\n\n\n<p>Luego de obtener la clasificaci\u00f3n mundialista con dicha selecci\u00f3n, llegando a los octavos de final de la Copa del Mundo, fue promovido a las selecciones Sub-20 y Sub-23, dirigiendo en el Preol\u00edmpico y el Sudamericano Sub-20, ambos celebrados en Venezuela. Sin embargo, no prosper\u00f3 en ambos torneos.<br><strong><em>ET \/ Meridiano<\/em><\/strong><\/p>\n","protected":false},"excerpt":{"rendered":"<p>ENTRE TORMENTAS. El fracaso de la selecci\u00f3n venezolana de f\u00fatbol en el Campeonato Sudamericano Sub-20&#8230;<\/p>\n","protected":false},"author":2,"featured_media":13253,"comment_status":"closed","ping_status":"open","sticky":false,"template":"","format":"standard","meta":{"footnotes":""},"categories":[53],"tags":[],"class_list":["post-13252","post","type-post","status-publish","format-standard","has-post-thumbnail","hentry","category-deportes"],"_links":{"self":[{"href":"https:\/\/entretormentas.com\/index.php?rest_route=\/wp\/v2\/posts\/13252","targetHints":{"allow":["GET"]}}],"collection":[{"href":"https:\/\/entretormentas.com\/index.php?rest_route=\/wp\/v2\/posts"}],"about":[{"href":"https:\/\/entretormentas.com\/index.php?rest_route=\/wp\/v2\/types\/post"}],"author":[{"embeddable":true,"href":"https:\/\/entretormentas.com\/index.php?rest_route=\/wp\/v2\/users\/2"}],"replies":[{"embeddable":true,"href":"https:\/\/entretormentas.com\/index.php?rest_route=%2Fwp%2Fv2%2Fcomments&post=13252"}],"version-history":[{"count":1,"href":"https:\/\/entretormentas.com\/index.php?rest_route=\/wp\/v2\/posts\/13252\/revisions"}],"predecessor-version":[{"id":13255,"href":"https:\/\/entretormentas.com\/index.php?rest_route=\/wp\/v2\/posts\/13252\/revisions\/13255"}],"wp:featuredmedia":[{"embeddable":true,"href":"https:\/\/entretormentas.com\/index.php?rest_route=\/wp\/v2\/media\/13253"}],"wp:attachment":[{"href":"https:\/\/entretormentas.com\/index.php?rest_route=%2Fwp%2Fv2%2Fmedia&parent=13252"}],"wp:term":[{"taxonomy":"category","embeddable":true,"href":"https:\/\/entretormentas.com\/index.php?rest_route=%2Fwp%2Fv2%2Fcategories&post=13252"},{"taxonomy":"post_tag","embeddable":true,"href":"https:\/\/entretormentas.com\/index.php?rest_route=%2Fwp%2Fv2%2Ftags&post=13252"}],"curies":[{"name":"wp","href":"https:\/\/api.w.org\/{rel}","templated":true}]}}